{"id":13543,"date":"2021-04-27T12:25:24","date_gmt":"2021-04-27T15:25:24","guid":{"rendered":"https:\/\/tvc16.com\/portal\/?p=13543"},"modified":"2021-04-27T12:25:27","modified_gmt":"2021-04-27T15:25:27","slug":"homem-e-preso-apos-comprar-moto-roubada","status":"publish","type":"post","link":"https:\/\/tvc16.com\/portal\/2021\/04\/27\/homem-e-preso-apos-comprar-moto-roubada\/","title":{"rendered":"Homem \u00e9 preso ap\u00f3s comprar moto roubada"},"content":{"rendered":"\n<p>Agentes da Pol\u00edcia Militar realizavam um patrulhamento de rotina nesta segunda-feira (26), na Rua Henrique Shimitz, no Castrioto, quando decidiram checar a proced\u00eancia de uma motocicleta que estava estacionada na cal\u00e7ada. Imediatamente foi identificado que se tratava de uma moto roubada. Ap\u00f3s conseguirem informa\u00e7\u00f5es sobre onde morava o homem que estava em posse do ve\u00edculo, os PMs solicitaram a entrada no im\u00f3vel. No local havia tr\u00eas casas e eles foram recebidos por um homem que indicou qual resid\u00eancia era a do acusado. &nbsp;<\/p>\n\n\n\n<p>Ap\u00f3s uma conversa o suspeito confirmou que sabia que a moto era roubada quando a comprou. Diante disso, ele foi preso em flagrante e responder\u00e1 por recepta\u00e7\u00e3o. J\u00e1 o outro homem acabou fugindo dos agentes ao se jogar de uma ribanceira. Os policiais tamb\u00e9m realizaram ent\u00e3o uma revista no im\u00f3vel dele e encontraram 19 c\u00e1psulas de coca\u00edna escondidas no local. Um inqu\u00e9rito foi instaurado na 105\u00aa Delegacia de Pol\u00edcia, no Retiro, para apurar o envolvimento do acusado com o tr\u00e1fico de drogas.<\/p>\n","protected":false},"excerpt":{"rendered":"<p>Agentes da Pol\u00edcia Militar realizavam um patrulhamento de rotina nesta segunda-feira (26), na Rua Henrique<\/p>\n","protected":false},"author":2,"featured_media":13544,"comment_status":"open","ping_status":"open","sticky":false,"template":"","format":"standard","meta":{"footnotes":""},"categories":[12],"tags":[],"class_list":["post-13543","post","type-post","status-publish","format-standard","has-post-thumbnail","hentry","category-cidade"],"_links":{"self":[{"href":"https:\/\/tvc16.com\/portal\/wp-json\/wp\/v2\/posts\/13543","targetHints":{"allow":["GET"]}}],"collection":[{"href":"https:\/\/tvc16.com\/portal\/wp-json\/wp\/v2\/posts"}],"about":[{"href":"https:\/\/tvc16.com\/portal\/wp-json\/wp\/v2\/types\/post"}],"author":[{"embeddable":true,"href":"https:\/\/tvc16.com\/portal\/wp-json\/wp\/v2\/users\/2"}],"replies":[{"embeddable":true,"href":"https:\/\/tvc16.com\/portal\/wp-json\/wp\/v2\/comments?post=13543"}],"version-history":[{"count":1,"href":"https:\/\/tvc16.com\/portal\/wp-json\/wp\/v2\/posts\/13543\/revisions"}],"predecessor-version":[{"id":13545,"href":"https:\/\/tvc16.com\/portal\/wp-json\/wp\/v2\/posts\/13543\/revisions\/13545"}],"wp:featuredmedia":[{"embeddable":true,"href":"https:\/\/tvc16.com\/portal\/wp-json\/wp\/v2\/media\/13544"}],"wp:attachment":[{"href":"https:\/\/tvc16.com\/portal\/wp-json\/wp\/v2\/media?parent=13543"}],"wp:term":[{"taxonomy":"category","embeddable":true,"href":"https:\/\/tvc16.com\/portal\/wp-json\/wp\/v2\/categories?post=13543"},{"taxonomy":"post_tag","embeddable":true,"href":"https:\/\/tvc16.com\/portal\/wp-json\/wp\/v2\/tags?post=13543"}],"curies":[{"name":"wp","href":"https:\/\/api.w.org\/{rel}","templated":true}]}}