{"id":13546,"date":"2021-04-27T17:28:25","date_gmt":"2021-04-27T20:28:25","guid":{"rendered":"https:\/\/tvc16.com\/portal\/?p=13546"},"modified":"2021-04-27T17:28:27","modified_gmt":"2021-04-27T20:28:27","slug":"santa-catarina-tem-primeiro-registro-de-temperatura-negativa-do-ano","status":"publish","type":"post","link":"https:\/\/tvc16.com\/portal\/2021\/04\/27\/santa-catarina-tem-primeiro-registro-de-temperatura-negativa-do-ano\/","title":{"rendered":"Santa Catarina tem primeiro registro de temperatura negativa do ano"},"content":{"rendered":"\n<h3 class=\"wp-block-heading\">Term\u00f4metros da cidade de Urupema registraram \u20132\u00b0C<\/h3>\n\n\n\n<h4 class=\"wp-block-heading\"> Por Ag\u00eancia Brasil &#8211; Bras\u00edlia<\/h4>\n\n\n\n<p>O estado de Santa Catarina teve o primeiro registro de temperatura negativa em 2021. Durante a madrugada, os term\u00f4metros da cidade de Urupema (Planalto Sul) registraram \u20132\u00b0C. Houve o registro de geada, segundo o Centro de Informa\u00e7\u00f5es de Recursos Ambientais e de Hidrometeorologia de Santa Catarina (Epagri\/Ciram).<img decoding=\"async\" src=\"https:\/\/agenciabrasil.ebc.com.br\/ebc.png?id=1407953&amp;o=node\"><img decoding=\"async\" src=\"https:\/\/agenciabrasil.ebc.com.br\/ebc.gif?id=1407953&amp;o=node\"><\/p>\n\n\n\n<p>Uma massa de ar frio e seco de origem polar, t\u00edpica de outono, tamb\u00e9m provocou o amanhecer gelado com m\u00ednima de 3\u00b0C em Maravilha e 1\u00b0C em Ponte Alta do Norte, com ocorr\u00eancia de geada isolada nas \u00e1reas altas dessas regi\u00f5es. No Litoral, a temperatura mais baixa foi registrada no Litoral Sul, 10\u00b0C em Crici\u00fama. Em Florian\u00f3polis, m\u00ednima de 13\u00b0C no norte da Ilha.<\/p>\n\n\n\n<p>Segundo o Ciram, a previs\u00e3o de massa de ar frio e seco mant\u00e9m os dias ensolarados e a temperatura baixa especialmente \u00e0 noite e ao amanhecer at\u00e9 a pr\u00f3xima sexta-feira (30).&nbsp; Essa massa perde for\u00e7a no fim de semana e a temperatura volta a se elevar.<\/p>\n\n\n\n<p>Edi\u00e7\u00e3o: Val\u00e9ria Aguiar<\/p>\n","protected":false},"excerpt":{"rendered":"<p>Term\u00f4metros da cidade de Urupema registraram \u20132\u00b0C Por Ag\u00eancia Brasil &#8211; Bras\u00edlia O estado de<\/p>\n","protected":false},"author":2,"featured_media":13547,"comment_status":"open","ping_status":"open","sticky":false,"template":"","format":"standard","meta":{"footnotes":""},"categories":[17],"tags":[],"class_list":["post-13546","post","type-post","status-publish","format-standard","has-post-thumbnail","hentry","category-outras-noticias"],"_links":{"self":[{"href":"https:\/\/tvc16.com\/portal\/wp-json\/wp\/v2\/posts\/13546","targetHints":{"allow":["GET"]}}],"collection":[{"href":"https:\/\/tvc16.com\/portal\/wp-json\/wp\/v2\/posts"}],"about":[{"href":"https:\/\/tvc16.com\/portal\/wp-json\/wp\/v2\/types\/post"}],"author":[{"embeddable":true,"href":"https:\/\/tvc16.com\/portal\/wp-json\/wp\/v2\/users\/2"}],"replies":[{"embeddable":true,"href":"https:\/\/tvc16.com\/portal\/wp-json\/wp\/v2\/comments?post=13546"}],"version-history":[{"count":1,"href":"https:\/\/tvc16.com\/portal\/wp-json\/wp\/v2\/posts\/13546\/revisions"}],"predecessor-version":[{"id":13548,"href":"https:\/\/tvc16.com\/portal\/wp-json\/wp\/v2\/posts\/13546\/revisions\/13548"}],"wp:featuredmedia":[{"embeddable":true,"href":"https:\/\/tvc16.com\/portal\/wp-json\/wp\/v2\/media\/13547"}],"wp:attachment":[{"href":"https:\/\/tvc16.com\/portal\/wp-json\/wp\/v2\/media?parent=13546"}],"wp:term":[{"taxonomy":"category","embeddable":true,"href":"https:\/\/tvc16.com\/portal\/wp-json\/wp\/v2\/categories?post=13546"},{"taxonomy":"post_tag","embeddable":true,"href":"https:\/\/tvc16.com\/portal\/wp-json\/wp\/v2\/tags?post=13546"}],"curies":[{"name":"wp","href":"https:\/\/api.w.org\/{rel}","templated":true}]}}