{"id":13557,"date":"2021-04-27T17:55:00","date_gmt":"2021-04-27T20:55:00","guid":{"rendered":"https:\/\/tvc16.com\/portal\/?p=13557"},"modified":"2021-04-27T17:55:02","modified_gmt":"2021-04-27T20:55:02","slug":"relator-do-impeachment-de-witzel-aguarda-argumentacao-da-defesa","status":"publish","type":"post","link":"https:\/\/tvc16.com\/portal\/2021\/04\/27\/relator-do-impeachment-de-witzel-aguarda-argumentacao-da-defesa\/","title":{"rendered":"Relator do impeachment de Witzel aguarda argumenta\u00e7\u00e3o da defesa"},"content":{"rendered":"\n<h4 class=\"wp-block-heading\">Por Cristina Indio do Brasil &#8211; Rep\u00f3rter da Ag\u00eancia Brasil &#8211; Rio de Janeiro<\/h4>\n\n\n\n<p>O deputado estadual Waldeck Carneiro, relator do processo de impeachment do governador afastado do de Rio de Janeiro Wilson Witzel, aguarda para hoje (27) a entrega das alega\u00e7\u00f5es finais da defesa do governador do Rio. Afastado do cargo desde agosto do ano passado, Witzel foi denunciado pelo Minist\u00e9rio P\u00fablico Federal por participa\u00e7\u00e3o em um esquema de desvios na sa\u00fade do estado, que seriam aplicados no combate \u00e0 pandemia da covid-19.<img decoding=\"async\" src=\"https:\/\/agenciabrasil.ebc.com.br\/ebc.png?id=1407950&amp;o=node\"><img decoding=\"async\" src=\"https:\/\/agenciabrasil.ebc.com.br\/ebc.gif?id=1407950&amp;o=node\"><\/p>\n\n\n\n<p>A defesa tem at\u00e9 as 23h59 desta ter\u00e7a-feira para apresentar as alega\u00e7\u00f5es. Waldeck Carneiro afirma que, sem fazer a an\u00e1lise do documento, n\u00e3o tem como concluir o texto do relat\u00f3rio.<\/p>\n\n\n\n<p>No in\u00edcio da sess\u00e3o do dia 7 de abril do Tribunal Especial Misto, que julga o processo de impeachment, Witzel informou que tinha destitu\u00eddo sua defesa e alegou falta de recursos financeiros para pagar a banca. Por isso, pediu prazo de 20 dias para constituir nova defesa o adiamento de seu depoimento e do do ex-secret\u00e1rio de estado de Sa\u00fade Edmar Santos. O pedido n\u00e3o foi aceito e a sess\u00e3o continuou.<\/p>\n\n\n\n<p>\u201cO presidente do Tribunal de Justi\u00e7a, que preside tamb\u00e9m o Tribunal Especial Misto, concedeu uma dila\u00e7\u00e3o de prazo para a defesa apresentar as alega\u00e7\u00f5es finais at\u00e9 o fim do dia de hoje, consequentemente, tanto o relat\u00f3rio, e sobretudo o voto, n\u00e3o posso conclui-los, sem ler com aten\u00e7\u00e3o as argumenta\u00e7\u00f5es finais de defesa, at\u00e9 em homenagem \u00e0 defesa. Por isso, estou trabalhando neste momento, mas preciso ainda desta pe\u00e7a, que \u00e9 muito importante\u201d, afirmou o relator em entrevista \u00e0 Ag\u00eancia Brasil.<\/p>\n\n\n\n<p>A entrega das alega\u00e7\u00f5es, que estava prevista para 21 de abril, foi remarcada para hoje pelo presidente do Tribunal de Justi\u00e7a, que tamb\u00e9m preside o Tribunal Especial Misto, Henrique Carlos de Andrade Figueira. A pedido dos novos advogados de Witzel, o desembargador prorrogou o prazo por cinco dias. O relator Waldeck Carneiro disse que ficou com o tempo \u201cespremido\u201d para concluir o seu trabalho, porque houve mudan\u00e7a no prazo original.<\/p>\n\n\n\n<p>O deputado informou que est\u00e1 adiantando outras partes do relat\u00f3rio, que ser\u00e1 apresentado na quinta-feira, tamb\u00e9m at\u00e9 as 23h59, e do voto, que vai ler antes do in\u00edcio da vota\u00e7\u00e3o no dia seguinte (30), \u00e0s 9h, no plen\u00e1rio do Tribunal de Justi\u00e7a do Rio de Janeiro (TJRJ), onde s\u00e3o feitas as sess\u00f5es do tribunal misto. Cinco desembargadores e cinco deputados estaduais, incluindo Waldeck Carneiro, comp\u00f5em esse tribunal.<\/p>\n\n\n\n<p>\u201cMinha preocupa\u00e7\u00e3o \u00e9 focar nos eixos da acusa\u00e7\u00e3o. S\u00e3o dois eixos, e eu n\u00e3o posso me dispersar. Quero me concentrar \u00fanica e exclusivamente no que consta nos autos do processo em rela\u00e7\u00e3o a esses dois cap\u00edtulos de acusa\u00e7\u00e3o\u201d, disse.<\/p>\n\n\n\n<p>Segundo o parlamentar, n\u00e3o faltou material para analisar e realizar o trabalho da relatoria. \u201cForam v\u00e1rias oitivas de testemunhas, tem v\u00e1rios documentos, tudo isso comp\u00f5e o processo, que \u00e9 enorme e o mais importante da hist\u00f3ria do Tribunal de Justi\u00e7a do Rio de Janeiro. N\u00e3o \u00e9 algo trivial\u201d, enfatizou.<\/p>\n\n\n\n<h2 class=\"wp-block-heading\">Sess\u00e3o do julgamento<\/h2>\n\n\n\n<p>Na sexta-feira, depois que o presidente do Tribunal Especial Misto abrir a sess\u00e3o, a acusa\u00e7\u00e3o ter\u00e1 30 minutos para se pronunciar e, em seguida, a defesa, o mesmo tempo. Ap\u00f3s essa etapa, Waldeck Carneiro ler\u00e1 o relat\u00f3rio e dar\u00e1 o voto. Depois disso, cada integrante do tribunal misto apresenta seu voto, a come\u00e7ar pelo desembargador mais antigo, e em revezamento entre desembargadores e desembargadoras e parlamentares.<\/p>\n\n\n\n<p>\u201cMinha expectativa \u00e9 que o relat\u00f3rio e meu voto contribuam para que o Tribunal Especial Misto fa\u00e7a um julgamento justo e d\u00ea uma resposta \u00e0 altura do que merece o povo do Rio de Janeiro\u201d, disse o relator.<\/p>\n\n\n\n<p>Se receber sete votos no julgamento, Witzel ser\u00e1 afastado definitivamente do cargo de governador do Rio de Janeiro.<\/p>\n\n\n\n<p>O Tribunal Especial Misto \u00e9 composto pelos desembargadores Teresa Castro Neves, Maria da Gl\u00f3ria Bandeira de Mello, In\u00eas da Trindade, Jos\u00e9 Carlos Maldonado e Fernando Foch e pelos deputados estaduais Waldeck Carneiro (PT), Alexandre Freitas (Novo), Chico Machado (PSD), Dani Monteiro (PSOL) e Carlos Macedo (REP).<\/p>\n\n\n\n<p>Edi\u00e7\u00e3o: N\u00e1dia Franco<\/p>\n","protected":false},"excerpt":{"rendered":"<p>Por Cristina Indio do Brasil &#8211; Rep\u00f3rter da Ag\u00eancia Brasil &#8211; Rio de Janeiro O<\/p>\n","protected":false},"author":2,"featured_media":13558,"comment_status":"open","ping_status":"open","sticky":false,"template":"","format":"standard","meta":{"footnotes":""},"categories":[17],"tags":[],"class_list":["post-13557","post","type-post","status-publish","format-standard","has-post-thumbnail","hentry","category-outras-noticias"],"_links":{"self":[{"href":"https:\/\/tvc16.com\/portal\/wp-json\/wp\/v2\/posts\/13557","targetHints":{"allow":["GET"]}}],"collection":[{"href":"https:\/\/tvc16.com\/portal\/wp-json\/wp\/v2\/posts"}],"about":[{"href":"https:\/\/tvc16.com\/portal\/wp-json\/wp\/v2\/types\/post"}],"author":[{"embeddable":true,"href":"https:\/\/tvc16.com\/portal\/wp-json\/wp\/v2\/users\/2"}],"replies":[{"embeddable":true,"href":"https:\/\/tvc16.com\/portal\/wp-json\/wp\/v2\/comments?post=13557"}],"version-history":[{"count":1,"href":"https:\/\/tvc16.com\/portal\/wp-json\/wp\/v2\/posts\/13557\/revisions"}],"predecessor-version":[{"id":13559,"href":"https:\/\/tvc16.com\/portal\/wp-json\/wp\/v2\/posts\/13557\/revisions\/13559"}],"wp:featuredmedia":[{"embeddable":true,"href":"https:\/\/tvc16.com\/portal\/wp-json\/wp\/v2\/media\/13558"}],"wp:attachment":[{"href":"https:\/\/tvc16.com\/portal\/wp-json\/wp\/v2\/media?parent=13557"}],"wp:term":[{"taxonomy":"category","embeddable":true,"href":"https:\/\/tvc16.com\/portal\/wp-json\/wp\/v2\/categories?post=13557"},{"taxonomy":"post_tag","embeddable":true,"href":"https:\/\/tvc16.com\/portal\/wp-json\/wp\/v2\/tags?post=13557"}],"curies":[{"name":"wp","href":"https:\/\/api.w.org\/{rel}","templated":true}]}}