{"id":13563,"date":"2021-04-27T17:56:49","date_gmt":"2021-04-27T20:56:49","guid":{"rendered":"https:\/\/tvc16.com\/portal\/?p=13563"},"modified":"2021-04-27T17:56:51","modified_gmt":"2021-04-27T20:56:51","slug":"escola-de-danca-do-theatro-municipal-do-rio-completa-94-anos","status":"publish","type":"post","link":"https:\/\/tvc16.com\/portal\/2021\/04\/27\/escola-de-danca-do-theatro-municipal-do-rio-completa-94-anos\/","title":{"rendered":"Escola de Dan\u00e7a do Theatro Municipal do Rio completa 94 anos"},"content":{"rendered":"\n<h3 class=\"wp-block-heading\">Data ser\u00e1 comemorada com lan\u00e7amento de e-book<\/h3>\n\n\n\n<h4 class=\"wp-block-heading\">Por Alana Gandra &#8211; Rep\u00f3rter da Ag\u00eancia Brasil &#8211; Rio de Janeiro<\/h4>\n\n\n\n<p>A Escola Estadual de Dan\u00e7a Maria Olenewa do Theatro Municipal do Rio de Janeiro completa hoje (27) 94 anos com o lan\u00e7amento do e-book&nbsp;<em>Professores que Constru\u00edram Nossa Hist\u00f3ria<\/em>. Com depoimentos de diversos docentes da mais antiga e tradicional escola de forma\u00e7\u00e3o em bal\u00e9 cl\u00e1ssico no Brasil, o e-book est\u00e1 dispon\u00edvel nas&nbsp;<a href=\"https:\/\/www.facebook.com\/theatro.municipal.3\/\" target=\"_blank\" rel=\"noreferrer noopener\">redes sociais do Theatro Municipal<\/a>.<img decoding=\"async\" src=\"https:\/\/agenciabrasil.ebc.com.br\/ebc.png?id=1407966&amp;o=node\"><img decoding=\"async\" src=\"https:\/\/agenciabrasil.ebc.com.br\/ebc.gif?id=1407966&amp;o=node\"><\/p>\n\n\n\n<p>Tamb\u00e9m para lembrar a data, a institui\u00e7\u00e3o fez um evento ao vivo, na tarde de hoje, para falar sobre a trajet\u00f3ria da escola, a partir da pesquisa feita por Paulo Melga\u00e7o, professor de Hist\u00f3ria da Dan\u00e7a desde 1993.<\/p>\n\n\n\n<figure class=\"wp-block-image\"><img decoding=\"async\" src=\"https:\/\/imagens.ebc.com.br\/Xtc5A8nBBAQw_cvZeIhvvqVwbv0=\/365x0\/smart\/https:\/\/agenciabrasil.ebc.com.br\/sites\/default\/files\/thumbnails\/image\/bale_003.jpg?itok=4iQ5dxun\" alt=\"Professor da EEDMO, Paulo Melga\u00e7o  Foto: Amanda Melga\u00e7o\" title=\"Amanda Melga\u00e7o\/Direitos reservados\"\/><\/figure>\n\n\n\n<p>Professor de Hist\u00f3ria da Dan\u00e7a, Paulo Melga\u00e7o \/&nbsp;<strong>Amanda Melga\u00e7o\/Direitos reservados<\/strong><\/p>\n\n\n\n<p>\u201cPara comemorarmos o anivers\u00e1rio de 94 anos da Escola Estadual de Dan\u00e7a Maria Olenewa, estamos homenageando todos os mestres que por aqui passaram e contribu\u00edram para o desenvolvimento e a forma\u00e7\u00e3o de milhares de alunos ao longo dos tempos\u201d, reconhece Melga\u00e7o<\/p>\n\n\n\n<p>A bailarina e tamb\u00e9m professora Liana Vasconcelos destacou tr\u00eas palavras fundamentais para uma escola de forma\u00e7\u00e3o em bal\u00e9 cl\u00e1ssico: mem\u00f3ria, tradi\u00e7\u00e3o e evolu\u00e7\u00e3o. \u201cN\u00f3s, professores, ensinamos aos nossos alunos, ao longo dos seus nove anos de forma\u00e7\u00e3o, a import\u00e2ncia da valoriza\u00e7\u00e3o da mem\u00f3ria de nossa escola e de todos aqueles que fizeram parte dessa hist\u00f3ria.\u201d<\/p>\n\n\n\n<h2 class=\"wp-block-heading\">Disciplina<\/h2>\n\n\n\n<p>Todos os anos, de 30 a 40 novos alunos ingressam na Escola de Dan\u00e7a do Theatro Municipal. Entretanto, nem todos concluem os estudos. S\u00e3o seis anos de curso preparat\u00f3rio e mais tr\u00eas anos de curso t\u00e9cnico. O diretor da escola, H\u00e9lio Bejani, destaca que a jornada exige muita disciplina, treino e aptid\u00e3o f\u00edsica.<\/p>\n\n\n\n<p>\u201cO estudo \u00e9 duro. \u00c9 preciso ter aptid\u00e3o f\u00edsica, apesar de ela ser uma escola p\u00fablica. Mas por ser t\u00e9cnica, ela exige aptid\u00e3o f\u00edsica.\u201d<\/p>\n\n\n\n<p>Com a desist\u00eancia de muitos alunos, cerca de 20 se formam por ano, em m\u00e9dia. \u201cNesses 94 anos, voc\u00ea imagina o n\u00famero de bailarinos formados pela escola\u201d, contabiliza.<\/p>\n\n\n\n<h2 class=\"wp-block-heading\">Bailarinos<\/h2>\n\n\n\n<figure class=\"wp-block-image\"><img decoding=\"async\" src=\"https:\/\/imagens.ebc.com.br\/6f5D5ulmdBHi3UHfMhvXPYl78Nw=\/754x0\/smart\/https:\/\/agenciabrasil.ebc.com.br\/sites\/default\/files\/thumbnails\/image\/bale_001.jpg?itok=8-3GIJEQ\" alt=\"bailarina e professora da EEDMO, Liana Vasconcelos  Foto: Javier Gamboa\" title=\"Javier Gamboa\/Direitos reservados\"\/><\/figure>\n\n\n\n<p>Liana Vasconcelos, bailarina e professora da Escola Estadual de Dan\u00e7a Maria Olenewa do Theatro Municipal do Rio de Janeiro&nbsp; &#8211;&nbsp;<strong>Javier Gamboa\/Direitos reservados<\/strong><\/p>\n\n\n\n<p>Segundo Bejani, o interesse pelo bal\u00e9 tem aumentado entre os rapazes. \u201cHoje, os meninos come\u00e7am mais cedo\u201d. Ele, ao contr\u00e1rio, come\u00e7ou o curso aos 22 anos, ap\u00f3s se graduar em engenharia. \u201cTive que batalhar muito at\u00e9 chegar a primeiro bailarino do teatro. A condi\u00e7\u00e3o f\u00edsica me ajudou tamb\u00e9m.\u201d<\/p>\n\n\n\n<p>Dos 270 estudantes da escola, somente 40 s\u00e3o rapazes. Mas, de acordo com o diretor, o preconceito hoje est\u00e1 menos concentrado na quest\u00e3o de g\u00eanero e migrou para o quesito econ\u00f4mico. \u201cDizem que \u00e9 uma profiss\u00e3o que n\u00e3o d\u00e1 futuro, uma profiss\u00e3o muito dif\u00edcil\u201d, diz Bejani que est\u00e1 \u00e0 frente da escola h\u00e1 quase quatro anos.<\/p>\n\n\n\n<p>Para os pr\u00f3ximos anos, a ideia, segundo ele, \u00e9 manter vivo o legado t\u00e9cnico, art\u00edstico e pedag\u00f3gico deixado pela bailarina russa e fundadora da escola Maria Olenewa. \u201cO que eu procuro fazer \u00e9 isso: melhorar as condi\u00e7\u00f5es poss\u00edveis mas, acima de tudo, manter o que j\u00e1 foi conquistado at\u00e9 hoje. N\u00e3o pode andar para tr\u00e1s\u201d.<\/p>\n\n\n\n<h2 class=\"wp-block-heading\">Pandemia<\/h2>\n\n\n\n<p>Durante a pandemia de covid-19, a escola procurou manter todas as disciplinas de forma remota. No \u00faltimo m\u00eas, as aulas presenciais come\u00e7aram a ser retomadas, mas em sistema h\u00edbrido (mantendo o ensino virtual).<\/p>\n\n\n\n<p>A infraestrutura da escola \u00e9 garantida pelo governo fluminense, por meio da Secretaria de Estado de Cultura e Economia Criativa do Rio de Janeiro, mas, para se manter, a institui\u00e7\u00e3o precisa de doa\u00e7\u00f5es e conta com apoio da Associa\u00e7\u00e3o dos Amigos do Theatro Municipal.<\/p>\n\n\n\n<figure class=\"wp-block-image\"><img decoding=\"async\" src=\"https:\/\/imagens.ebc.com.br\/dMXcxCfrspWRTy2TPH44fhJE60E=\/365x0\/smart\/https:\/\/agenciabrasil.ebc.com.br\/sites\/default\/files\/thumbnails\/image\/bale_002.jpg?itok=rADiN-c5\" alt=\"diretor da EEDMO, H\u00e9lio Bejani   Foto: Carlos Veras\" title=\"Carlos Veras\/Direitos reservados\"\/><\/figure>\n\n\n\n<p>Diretor da Escola Estadual de Dan\u00e7a Maria Olenewa, H\u00e9lio Bejani &#8211;&nbsp;<strong>Carlos Veras\/Direitos reservados<\/strong><\/p>\n\n\n\n<p>\u201cA escola \u00e9 p\u00fablica. Ningu\u00e9m paga nada para estudar l\u00e1\u201d, garante o diretor. Ela depende, entretanto, da \u201cgenerosidade de pais que podem contribuir\u201d e demais doadores.<\/p>\n\n\n\n<p>\u201cMas ningu\u00e9m deixa de estudar na escola de dan\u00e7a por n\u00e3o poder contribuir\u201d, destacou Bejani, afirmando que a grande maioria dos alunos \u00e9 composta de crian\u00e7as sem condi\u00e7\u00f5es financeiras. \u201cIsso [as aulas de dan\u00e7a] cria para elas um sonho a mais, uma possibilidade a mais\u201d, reflete.<\/p>\n\n\n\n<p>Apesar de n\u00e3o terem que desembolsar dinheiro para cursar a escola de dan\u00e7a, os alunos t\u00eam que comprovar que est\u00e3o matriculados e frequentando a escola regular. Segundo o diretor, a metodologia da escola consiste em usar o bal\u00e9 como ferramenta para educar.<\/p>\n\n\n\n<p>\u201cEstamos formando cidad\u00e3os. N\u00e3o estamos s\u00f3 formando bailarinos. Precisa prepar\u00e1-los emocionalmente e cognitivamente para a vida, para o futuro, para enfrentar com mais tranquilidade as imperman\u00eancias da vida. Vide o que a gente est\u00e1 passando agora\u201d, disse se referindo \u00e0 pandemia.<br><br>Para Bejani, se os profissionais da sa\u00fade lutam para garantir a vida dos brasileiros na pandemia, os trabalhadores da cultura s\u00e3o os m\u00e9dicos da alma. \u201cUm povo sem cultura \u00e9 um povo sem alma\u201d, destacou o diretor.<\/p>\n\n\n\n<p>Edi\u00e7\u00e3o: L\u00edlian Beraldo<\/p>\n","protected":false},"excerpt":{"rendered":"<p>Data ser\u00e1 comemorada com lan\u00e7amento de e-book Por Alana Gandra &#8211; Rep\u00f3rter da Ag\u00eancia Brasil<\/p>\n","protected":false},"author":2,"featured_media":13564,"comment_status":"open","ping_status":"open","sticky":false,"template":"","format":"standard","meta":{"footnotes":""},"categories":[17],"tags":[],"class_list":["post-13563","post","type-post","status-publish","format-standard","has-post-thumbnail","hentry","category-outras-noticias"],"_links":{"self":[{"href":"https:\/\/tvc16.com\/portal\/wp-json\/wp\/v2\/posts\/13563","targetHints":{"allow":["GET"]}}],"collection":[{"href":"https:\/\/tvc16.com\/portal\/wp-json\/wp\/v2\/posts"}],"about":[{"href":"https:\/\/tvc16.com\/portal\/wp-json\/wp\/v2\/types\/post"}],"author":[{"embeddable":true,"href":"https:\/\/tvc16.com\/portal\/wp-json\/wp\/v2\/users\/2"}],"replies":[{"embeddable":true,"href":"https:\/\/tvc16.com\/portal\/wp-json\/wp\/v2\/comments?post=13563"}],"version-history":[{"count":1,"href":"https:\/\/tvc16.com\/portal\/wp-json\/wp\/v2\/posts\/13563\/revisions"}],"predecessor-version":[{"id":13565,"href":"https:\/\/tvc16.com\/portal\/wp-json\/wp\/v2\/posts\/13563\/revisions\/13565"}],"wp:featuredmedia":[{"embeddable":true,"href":"https:\/\/tvc16.com\/portal\/wp-json\/wp\/v2\/media\/13564"}],"wp:attachment":[{"href":"https:\/\/tvc16.com\/portal\/wp-json\/wp\/v2\/media?parent=13563"}],"wp:term":[{"taxonomy":"category","embeddable":true,"href":"https:\/\/tvc16.com\/portal\/wp-json\/wp\/v2\/categories?post=13563"},{"taxonomy":"post_tag","embeddable":true,"href":"https:\/\/tvc16.com\/portal\/wp-json\/wp\/v2\/tags?post=13563"}],"curies":[{"name":"wp","href":"https:\/\/api.w.org\/{rel}","templated":true}]}}