{"id":13566,"date":"2021-04-27T17:57:48","date_gmt":"2021-04-27T20:57:48","guid":{"rendered":"https:\/\/tvc16.com\/portal\/?p=13566"},"modified":"2021-04-27T17:57:50","modified_gmt":"2021-04-27T20:57:50","slug":"ebc-prorroga-inscricoes-para-processo-seletivo-de-estagio","status":"publish","type":"post","link":"https:\/\/tvc16.com\/portal\/2021\/04\/27\/ebc-prorroga-inscricoes-para-processo-seletivo-de-estagio\/","title":{"rendered":"EBC prorroga inscri\u00e7\u00f5es para processo seletivo de est\u00e1gio"},"content":{"rendered":"\n<h3 class=\"wp-block-heading\">Prazo vai at\u00e9 dia 2 de maio<\/h3>\n\n\n\n<h4 class=\"wp-block-heading\">Por EBC &#8211; Bras\u00edlia<\/h4>\n\n\n\n<p>A&nbsp;<strong>Empresa Brasil de Comunica\u00e7\u00e3o<\/strong>&nbsp;(<strong>EBC<\/strong>) prorrogou para o dia 2 de maio, \u00e0s 17h, o prazo das&nbsp;inscri\u00e7\u00f5es para o 1\u00ba Processo Seletivo de Est\u00e1gio 2021. Ser\u00e3o oferecidas 12 vagas e forma\u00e7\u00e3o de cadastro reserva para a sede da empresa em Bras\u00edlia e para as regionais do Rio de Janeiro&nbsp;e S\u00e3o Paulo. Podem concorrer estudantes de n\u00edvel superior e t\u00e9cnico.<img decoding=\"async\" src=\"https:\/\/agenciabrasil.ebc.com.br\/ebc.png?id=1407971&amp;o=node\"><img decoding=\"async\" src=\"https:\/\/agenciabrasil.ebc.com.br\/ebc.gif?id=1407971&amp;o=node\"><\/p>\n\n\n\n<p>As inscri\u00e7\u00f5es s\u00e3o gratuitas e podem ser feitas&nbsp;no&nbsp;<em>site<\/em>&nbsp;da&nbsp;<a href=\"http:\/\/www.superestagios.com.br\/\" target=\"_blank\" rel=\"noreferrer noopener\">Super Est\u00e1gios<\/a>. A prova, objetiva e&nbsp;<em>online<\/em>, poder\u00e1 ser realizada no momento em que o candidato efetuar a inscri\u00e7\u00e3o no processo seletivo. A avalia\u00e7\u00e3o \u00e9 composta por 30 quest\u00f5es e ter\u00e1 dura\u00e7\u00e3o m\u00e1xima de uma hora (60 minutos). O conte\u00fado da prova est\u00e1 dividido entre l\u00edngua portuguesa, conhecimentos gerais (inform\u00e1tica, racioc\u00ednio l\u00f3gico e atualidades) e conhecimentos espec\u00edficos de cada curso.<\/p>\n\n\n\n<p>A data de divulga\u00e7\u00e3o do gabarito no&nbsp;<em>site<\/em>&nbsp;da Super Est\u00e1gios tamb\u00e9m foi alterada, para o dia&nbsp;3 de maio de 2021. Os estudantes que obtiverem nota inferior a 50% do total da prova&nbsp;estar\u00e3o automaticamente desclassificados. Os aprovados ser\u00e3o convocados de acordo com a ordem de classifica\u00e7\u00e3o e da oferta de vaga no curso\/localidade indicada durante a inscri\u00e7\u00e3o.<\/p>\n\n\n\n<h2 class=\"wp-block-heading\">Vagas<\/h2>\n\n\n\n<p>Das 12 vagas, nove s\u00e3o para Bras\u00edlia, sendo duas para estudantes de ci\u00eancia da computa\u00e7\u00e3o\/sistemas da informa\u00e7\u00e3o\/an\u00e1lise e desenvolvimento de sistemas\/engenharia da computa\u00e7\u00e3o\/gest\u00e3o em tecnologia da informa\u00e7\u00e3o, quatro para estudantes de jornalismo, uma para publicidade e duas para n\u00edvel t\u00e9cnico. Para o Rio de Janeiro, uma vaga \u00e9 destinada a t\u00e9cnico em inform\u00e1tica. J\u00e1 para S\u00e3o Paulo s\u00e3o duas vagas, uma&nbsp;destinada aos estudantes de jornalismo e uma para&nbsp;t\u00e9cnico em inform\u00e1tica. O cadastro reserva selecionar\u00e1 estudantes para todos os cursos citados de n\u00edveis superior e t\u00e9cnico.<\/p>\n\n\n\n<h2 class=\"wp-block-heading\">Bolsa Est\u00e1gio<\/h2>\n\n\n\n<p>O estagi\u00e1rio de n\u00edvel superior receber\u00e1 bolsa est\u00e1gio no valor de R$ 600, mais aux\u00edlio-transporte no valor de R$ 220. O estagi\u00e1rio de n\u00edvel t\u00e9cnico ter\u00e1 direito a bolsa de R$ 500&nbsp;mais aux\u00edlio-transporte de R$ 220.<\/p>\n\n\n\n<figure class=\"wp-block-table\"><table><tbody><tr><td><strong>A\u00e7\u00f5es&nbsp;<\/strong><\/td><td><strong>Datas<\/strong><\/td><\/tr><tr><td>Inscri\u00e7\u00f5es e prova<em>&nbsp;online<\/em><\/td><td>12\/04\/2021 a 02\/05\/2021<\/td><\/tr><tr><td>Divulga\u00e7\u00e3o do gabarito<\/td><td>03\/05\/2021<\/td><\/tr><tr><td>Publica\u00e7\u00e3o do resultado final<\/td><td>04\/05\/2021<\/td><\/tr><tr><td>In\u00edcio das convoca\u00e7\u00f5es<\/td><td>05\/05\/2021<\/td><\/tr><\/tbody><\/table><\/figure>\n\n\n\n<h2 class=\"wp-block-heading\">Sobre a&nbsp;<strong>EBC<\/strong><\/h2>\n\n\n\n<p>Criada em 2007 para fortalecer o sistema p\u00fablico de comunica\u00e7\u00e3o, a&nbsp;<strong>EBC&nbsp;<\/strong>\u00e9 gestora da&nbsp;<strong>Ag\u00eancia Brasil<\/strong>,&nbsp;<strong>Radioag\u00eancia Nacional<\/strong>,&nbsp;<strong>R\u00e1dio MEC AM<\/strong>,&nbsp;<strong>R\u00e1dio MEC FM<\/strong>,&nbsp;<strong>R\u00e1dio Nacional do Alto Solim\u00f5es<\/strong>,&nbsp;<strong>R\u00e1dio Nacional da Amaz\u00f4nia<\/strong>,&nbsp;<strong>R\u00e1dio Nacional de Bras\u00edlia AM<\/strong>,&nbsp;<strong>R\u00e1dio Nacional FM de Bras\u00edlia<\/strong>,&nbsp;<strong>R\u00e1dio Nacional do Rio de Janeiro<\/strong>&nbsp;e a&nbsp;<strong>TV Brasil<\/strong>.<\/p>\n","protected":false},"excerpt":{"rendered":"<p>Prazo vai at\u00e9 dia 2 de maio Por EBC &#8211; Bras\u00edlia A&nbsp;Empresa Brasil de Comunica\u00e7\u00e3o&nbsp;(EBC)<\/p>\n","protected":false},"author":2,"featured_media":13567,"comment_status":"open","ping_status":"open","sticky":false,"template":"","format":"standard","meta":{"footnotes":""},"categories":[17],"tags":[],"class_list":["post-13566","post","type-post","status-publish","format-standard","has-post-thumbnail","hentry","category-outras-noticias"],"_links":{"self":[{"href":"https:\/\/tvc16.com\/portal\/wp-json\/wp\/v2\/posts\/13566","targetHints":{"allow":["GET"]}}],"collection":[{"href":"https:\/\/tvc16.com\/portal\/wp-json\/wp\/v2\/posts"}],"about":[{"href":"https:\/\/tvc16.com\/portal\/wp-json\/wp\/v2\/types\/post"}],"author":[{"embeddable":true,"href":"https:\/\/tvc16.com\/portal\/wp-json\/wp\/v2\/users\/2"}],"replies":[{"embeddable":true,"href":"https:\/\/tvc16.com\/portal\/wp-json\/wp\/v2\/comments?post=13566"}],"version-history":[{"count":1,"href":"https:\/\/tvc16.com\/portal\/wp-json\/wp\/v2\/posts\/13566\/revisions"}],"predecessor-version":[{"id":13568,"href":"https:\/\/tvc16.com\/portal\/wp-json\/wp\/v2\/posts\/13566\/revisions\/13568"}],"wp:featuredmedia":[{"embeddable":true,"href":"https:\/\/tvc16.com\/portal\/wp-json\/wp\/v2\/media\/13567"}],"wp:attachment":[{"href":"https:\/\/tvc16.com\/portal\/wp-json\/wp\/v2\/media?parent=13566"}],"wp:term":[{"taxonomy":"category","embeddable":true,"href":"https:\/\/tvc16.com\/portal\/wp-json\/wp\/v2\/categories?post=13566"},{"taxonomy":"post_tag","embeddable":true,"href":"https:\/\/tvc16.com\/portal\/wp-json\/wp\/v2\/tags?post=13566"}],"curies":[{"name":"wp","href":"https:\/\/api.w.org\/{rel}","templated":true}]}}