{"id":13569,"date":"2021-04-27T17:58:37","date_gmt":"2021-04-27T20:58:37","guid":{"rendered":"https:\/\/tvc16.com\/portal\/?p=13569"},"modified":"2021-04-27T17:58:39","modified_gmt":"2021-04-27T20:58:39","slug":"caixa-libera-lote-de-auxilio-emergencial-para-206-mil-pessoas","status":"publish","type":"post","link":"https:\/\/tvc16.com\/portal\/2021\/04\/27\/caixa-libera-lote-de-auxilio-emergencial-para-206-mil-pessoas\/","title":{"rendered":"Caixa libera lote de aux\u00edlio emergencial para 206 mil pessoas"},"content":{"rendered":"\n<h3 class=\"wp-block-heading\">Quem teve pedido negado ter\u00e1 dez dias para contestar<\/h3>\n\n\n\n<h4 class=\"wp-block-heading\">Por Wellton M\u00e1ximo \u2013 Rep\u00f3rter da Ag\u00eancia Brasil &#8211; Bras\u00edlia<\/h4>\n\n\n\n<p>Cerca de 206,1 mil trabalhadores informais que corrigiram informa\u00e7\u00f5es no cadastro foram inclu\u00eddos na nova rodada do aux\u00edlio emergencial, anunciou a Caixa Econ\u00f4mica Federal nesta ter\u00e7a-feira (27). Os contemplados receber\u00e3o o benef\u00edcio a partir de 16 de maio, junto com o pagamento da segunda rodada, quando ser\u00e3o creditadas duas parcelas nas contas poupan\u00e7a digitais.<br><br>Ap\u00f3s a segunda parcela, esse p\u00fablico ser\u00e1 incorporado ao calend\u00e1rio tradicional e receber\u00e1 a terceira e a quarta parcelas nas datas estabelecidas. A rela\u00e7\u00e3o dos beneficiados pode ser consultada no portal&nbsp;<a href=\"http:\/\/consultaauxilio.cidadania.gov.br\/\" target=\"_blank\" rel=\"noreferrer noopener\">consultaauxilio.cidadania.gov.br<\/a>, no&nbsp;<em>site<\/em>&nbsp;<a href=\"http:\/\/auxilio.caixa.gov.br\/\" target=\"_blank\" rel=\"noreferrer noopener\">auxilio.caixa.gov.br<\/a>&nbsp;ou pelo telefone 111.<br><br>Segundo o Minist\u00e9rio da Cidadania, foram aprovados 206.126 novos benef\u00edcios. Desse total, 142.531 t\u00eam direito \u00e0 cota de R$ 150 (pessoas que moram sozinhas), 39.719 receber\u00e3o R$ 250 e 23.876 mulheres chefes de fam\u00edlia que sustentam a casa sozinhas receber\u00e3o R$ 375.<br><br>O trabalhador que teve o pedido processado, mas continuou com o benef\u00edcio negado, ter\u00e1 dez dias para&nbsp;<a href=\"https:\/\/agenciabrasil.ebc.com.br\/geral\/noticia\/2021-04\/trabalhador-tera-dez-dias-para-contestar-auxilio-emergencial-negado\" target=\"_blank\" rel=\"noreferrer noopener\">contestar a decis\u00e3o<\/a>.<br><br>A&nbsp;<strong>Ag\u00eancia Brasil<\/strong>&nbsp;elaborou um&nbsp;<a href=\"https:\/\/agenciabrasil.ebc.com.br\/economia\/noticia\/2021-04\/agencia-brasil-explica-nova-rodada-do-auxilio-emergencial\" target=\"_blank\" rel=\"noreferrer noopener\">guia de perguntas e respostas<\/a>&nbsp;sobre o aux\u00edlio emergencial. Entre as d\u00favidas que o benefici\u00e1rio pode tirar est\u00e3o os crit\u00e9rios para receber o benef\u00edcio, a regulariza\u00e7\u00e3o do CPF e os crit\u00e9rios de desempate dentro da mesma fam\u00edlia para ter acesso ao aux\u00edlio.<img decoding=\"async\" src=\"https:\/\/agenciabrasil.ebc.com.br\/ebc.png?id=1407973&amp;o=node\"><img decoding=\"async\" src=\"https:\/\/agenciabrasil.ebc.com.br\/ebc.gif?id=1407973&amp;o=node\"><\/p>\n\n\n\n<p>Edi\u00e7\u00e3o: N\u00e1dia Franco<\/p>\n","protected":false},"excerpt":{"rendered":"<p>Quem teve pedido negado ter\u00e1 dez dias para contestar Por Wellton M\u00e1ximo \u2013 Rep\u00f3rter da<\/p>\n","protected":false},"author":2,"featured_media":13570,"comment_status":"open","ping_status":"open","sticky":false,"template":"","format":"standard","meta":{"footnotes":""},"categories":[17],"tags":[],"class_list":["post-13569","post","type-post","status-publish","format-standard","has-post-thumbnail","hentry","category-outras-noticias"],"_links":{"self":[{"href":"https:\/\/tvc16.com\/portal\/wp-json\/wp\/v2\/posts\/13569","targetHints":{"allow":["GET"]}}],"collection":[{"href":"https:\/\/tvc16.com\/portal\/wp-json\/wp\/v2\/posts"}],"about":[{"href":"https:\/\/tvc16.com\/portal\/wp-json\/wp\/v2\/types\/post"}],"author":[{"embeddable":true,"href":"https:\/\/tvc16.com\/portal\/wp-json\/wp\/v2\/users\/2"}],"replies":[{"embeddable":true,"href":"https:\/\/tvc16.com\/portal\/wp-json\/wp\/v2\/comments?post=13569"}],"version-history":[{"count":1,"href":"https:\/\/tvc16.com\/portal\/wp-json\/wp\/v2\/posts\/13569\/revisions"}],"predecessor-version":[{"id":13571,"href":"https:\/\/tvc16.com\/portal\/wp-json\/wp\/v2\/posts\/13569\/revisions\/13571"}],"wp:featuredmedia":[{"embeddable":true,"href":"https:\/\/tvc16.com\/portal\/wp-json\/wp\/v2\/media\/13570"}],"wp:attachment":[{"href":"https:\/\/tvc16.com\/portal\/wp-json\/wp\/v2\/media?parent=13569"}],"wp:term":[{"taxonomy":"category","embeddable":true,"href":"https:\/\/tvc16.com\/portal\/wp-json\/wp\/v2\/categories?post=13569"},{"taxonomy":"post_tag","embeddable":true,"href":"https:\/\/tvc16.com\/portal\/wp-json\/wp\/v2\/tags?post=13569"}],"curies":[{"name":"wp","href":"https:\/\/api.w.org\/{rel}","templated":true}]}}