{"id":13572,"date":"2021-04-27T17:59:34","date_gmt":"2021-04-27T20:59:34","guid":{"rendered":"https:\/\/tvc16.com\/portal\/?p=13572"},"modified":"2021-04-27T17:59:37","modified_gmt":"2021-04-27T20:59:37","slug":"comeca-convocacao-de-candidatos-inscritos-na-lista-de-espera-do-sisu","status":"publish","type":"post","link":"https:\/\/tvc16.com\/portal\/2021\/04\/27\/comeca-convocacao-de-candidatos-inscritos-na-lista-de-espera-do-sisu\/","title":{"rendered":"Come\u00e7a convoca\u00e7\u00e3o de candidatos inscritos na lista de espera do Sisu"},"content":{"rendered":"\n<h3 class=\"wp-block-heading\">S\u00e3o vagas para 5.571 cursos de gradua\u00e7\u00e3o de 109 institui\u00e7\u00f5es p\u00fablicas<\/h3>\n\n\n\n<h4 class=\"wp-block-heading\">Por Alex Rodrigues &#8211; Rep\u00f3rter da Ag\u00eancia Brasil &#8211; Bras\u00edlia<\/h4>\n\n\n\n<p>As institui\u00e7\u00f5es de ensino superior que participam do Sistema de Sele\u00e7\u00e3o Unificada (Sisu) come\u00e7am&nbsp;hoje&nbsp;(27) a convocar os candidatos&nbsp;selecionados entre os estudantes que se inscreveram na lista de espera do sistema do Minist\u00e9rio da Educa\u00e7\u00e3o.&nbsp;<img decoding=\"async\" src=\"https:\/\/agenciabrasil.ebc.com.br\/ebc.png?id=1407974&amp;o=node\"><img decoding=\"async\" src=\"https:\/\/agenciabrasil.ebc.com.br\/ebc.gif?id=1407974&amp;o=node\"><\/p>\n\n\n\n<p>O prazo de inscri\u00e7\u00e3o na lista de espera para candidatos n\u00e3o convocados durante a&nbsp;fase regular&nbsp;terminou na \u00faltima&nbsp;sexta-feira (23), dia em que tamb\u00e9m se encerrou o prazo para os selecionados na chamada \u00fanica do primeiro processo seletivo deste ano se matricularem.<\/p>\n\n\n\n<p>Segundo o&nbsp;<a href=\"https:\/\/www.in.gov.br\/en\/web\/dou\/-\/edital-n-10-de-10-de-fevereiro-de-2021-sistema-de-selecao-unificada-sisu-processo-seletivo-primeira-edicao-de-2021-303253299\" target=\"_blank\" rel=\"noreferrer noopener\">edital<\/a>&nbsp;divulgado em fevereiro deste ano, as institui\u00e7\u00f5es de ensino federais, estaduais ou municipais que oferecem vagas por meio do sistema informatizado devem recorrer \u00e0 lista de espera do Sisu para ocupar as vagas n\u00e3o preenchidas durante a fase de chamada regular.&nbsp;<\/p>\n\n\n\n<p>Cabe a cada institui\u00e7\u00e3o participante&nbsp;definir, em editais, os procedimentos para preenchimento das vagas dispon\u00edveis, sendo responsabilidade dos candidatos acompanhar as convoca\u00e7\u00f5es atrav\u00e9s dos canais informados pelas institui\u00e7\u00f5es de ensino.<\/p>\n\n\n\n<p>Segundo o Minist\u00e9rio da Educa\u00e7\u00e3o,&nbsp;206.609 vagas para 5.571 cursos de gradua\u00e7\u00e3o de 109 institui\u00e7\u00f5es p\u00fablicas de ensino superior est\u00e3o sendo oferecidas nesta edi\u00e7\u00e3o do Sisu.<\/p>\n\n\n\n<p>O total de candidatos inscritos chegou a 1.250.095 milh\u00e3o. Como cada participante podia se inscrever para at\u00e9 dois cursos, o n\u00famero de inscri\u00e7\u00f5es totalizou 2.413.686 milh\u00f5es.&nbsp;A sele\u00e7\u00e3o \u00e9 feita com base na nota do Exame Nacional do Ensino M\u00e9dio (Enem).<\/p>\n\n\n\n<p>Edi\u00e7\u00e3o: Maria Claudia<\/p>\n","protected":false},"excerpt":{"rendered":"<p>S\u00e3o vagas para 5.571 cursos de gradua\u00e7\u00e3o de 109 institui\u00e7\u00f5es p\u00fablicas Por Alex Rodrigues &#8211;<\/p>\n","protected":false},"author":2,"featured_media":13573,"comment_status":"open","ping_status":"open","sticky":false,"template":"","format":"standard","meta":{"footnotes":""},"categories":[17],"tags":[],"class_list":["post-13572","post","type-post","status-publish","format-standard","has-post-thumbnail","hentry","category-outras-noticias"],"_links":{"self":[{"href":"https:\/\/tvc16.com\/portal\/wp-json\/wp\/v2\/posts\/13572","targetHints":{"allow":["GET"]}}],"collection":[{"href":"https:\/\/tvc16.com\/portal\/wp-json\/wp\/v2\/posts"}],"about":[{"href":"https:\/\/tvc16.com\/portal\/wp-json\/wp\/v2\/types\/post"}],"author":[{"embeddable":true,"href":"https:\/\/tvc16.com\/portal\/wp-json\/wp\/v2\/users\/2"}],"replies":[{"embeddable":true,"href":"https:\/\/tvc16.com\/portal\/wp-json\/wp\/v2\/comments?post=13572"}],"version-history":[{"count":1,"href":"https:\/\/tvc16.com\/portal\/wp-json\/wp\/v2\/posts\/13572\/revisions"}],"predecessor-version":[{"id":13574,"href":"https:\/\/tvc16.com\/portal\/wp-json\/wp\/v2\/posts\/13572\/revisions\/13574"}],"wp:featuredmedia":[{"embeddable":true,"href":"https:\/\/tvc16.com\/portal\/wp-json\/wp\/v2\/media\/13573"}],"wp:attachment":[{"href":"https:\/\/tvc16.com\/portal\/wp-json\/wp\/v2\/media?parent=13572"}],"wp:term":[{"taxonomy":"category","embeddable":true,"href":"https:\/\/tvc16.com\/portal\/wp-json\/wp\/v2\/categories?post=13572"},{"taxonomy":"post_tag","embeddable":true,"href":"https:\/\/tvc16.com\/portal\/wp-json\/wp\/v2\/tags?post=13572"}],"curies":[{"name":"wp","href":"https:\/\/api.w.org\/{rel}","templated":true}]}}