{"id":13575,"date":"2021-04-27T18:00:36","date_gmt":"2021-04-27T21:00:36","guid":{"rendered":"https:\/\/tvc16.com\/portal\/?p=13575"},"modified":"2021-04-27T18:00:38","modified_gmt":"2021-04-27T21:00:38","slug":"prefeitura-de-sp-suspende-sepultamentos-a-noite","status":"publish","type":"post","link":"https:\/\/tvc16.com\/portal\/2021\/04\/27\/prefeitura-de-sp-suspende-sepultamentos-a-noite\/","title":{"rendered":"Prefeitura de SP suspende sepultamentos \u00e0 noite"},"content":{"rendered":"\n<h3 class=\"wp-block-heading\">Medida veio depois da queda de \u00f3bitos por covd-19 na cidade<\/h3>\n\n\n\n<h4 class=\"wp-block-heading\">Por Elaine Patricia Cruz \u2013 Rep\u00f3rter da Ag\u00eancia Brasil &#8211; S\u00e3o Paulo<\/h4>\n\n\n\n<p>A cidade de S\u00e3o Paulo vai deixar de ter sepultamentos em hor\u00e1rio noturno a partir de quinta-feira (29). A medida foi anunciada hoje (27) pela prefeitura paulistana e ocorre ap\u00f3s uma queda de \u00f3bitos por covid-19 na capital.<img decoding=\"async\" src=\"https:\/\/agenciabrasil.ebc.com.br\/ebc.png?id=1407967&amp;o=node\"><img decoding=\"async\" src=\"https:\/\/agenciabrasil.ebc.com.br\/ebc.gif?id=1407967&amp;o=node\"><\/p>\n\n\n\n<p>Segundo a prefeitura, o sepultamento em hor\u00e1rio noturno poder\u00e1 voltar a ocorrer caso o n\u00famero de mortes volte a crescer na cidade.<\/p>\n\n\n\n<p>Os sepultamentos \u00e0 noite come\u00e7aram a ocorrer no dia 25 de mar\u00e7o, quando houve um aumento das mortes provocadas pela covid-19. Com isso, os cemit\u00e9rios da Vila Formosa, S\u00e3o Luiz, Vila Nova Cachoeirinha e S\u00e3o Pedro estenderam seus hor\u00e1rios de funcionamento at\u00e9 as 22h. O objetivo da prefeitura era otimizar o servi\u00e7o de sepultamento di\u00e1rio, a fim de amenizar o sofrimento dos familiares e garantir dignidade no momento do sepultamento.<\/p>\n\n\n\n<p>Em abril deste ano, 7.422 sepultamentos ocorreram na cidade, segundo boletim da prefeitura de S\u00e3o Paulo. Em mar\u00e7o, o m\u00eas com o maior n\u00famero de sepultamentos, foram 9.799 enterros. Esse n\u00famero inclui crema\u00e7\u00f5es e dados de cemit\u00e9rios particulares.<\/p>\n\n\n\n<p>Edi\u00e7\u00e3o: Aline Leal<\/p>\n","protected":false},"excerpt":{"rendered":"<p>Medida veio depois da queda de \u00f3bitos por covd-19 na cidade Por Elaine Patricia Cruz<\/p>\n","protected":false},"author":2,"featured_media":13576,"comment_status":"open","ping_status":"open","sticky":false,"template":"","format":"standard","meta":{"footnotes":""},"categories":[17],"tags":[],"class_list":["post-13575","post","type-post","status-publish","format-standard","has-post-thumbnail","hentry","category-outras-noticias"],"_links":{"self":[{"href":"https:\/\/tvc16.com\/portal\/wp-json\/wp\/v2\/posts\/13575","targetHints":{"allow":["GET"]}}],"collection":[{"href":"https:\/\/tvc16.com\/portal\/wp-json\/wp\/v2\/posts"}],"about":[{"href":"https:\/\/tvc16.com\/portal\/wp-json\/wp\/v2\/types\/post"}],"author":[{"embeddable":true,"href":"https:\/\/tvc16.com\/portal\/wp-json\/wp\/v2\/users\/2"}],"replies":[{"embeddable":true,"href":"https:\/\/tvc16.com\/portal\/wp-json\/wp\/v2\/comments?post=13575"}],"version-history":[{"count":1,"href":"https:\/\/tvc16.com\/portal\/wp-json\/wp\/v2\/posts\/13575\/revisions"}],"predecessor-version":[{"id":13577,"href":"https:\/\/tvc16.com\/portal\/wp-json\/wp\/v2\/posts\/13575\/revisions\/13577"}],"wp:featuredmedia":[{"embeddable":true,"href":"https:\/\/tvc16.com\/portal\/wp-json\/wp\/v2\/media\/13576"}],"wp:attachment":[{"href":"https:\/\/tvc16.com\/portal\/wp-json\/wp\/v2\/media?parent=13575"}],"wp:term":[{"taxonomy":"category","embeddable":true,"href":"https:\/\/tvc16.com\/portal\/wp-json\/wp\/v2\/categories?post=13575"},{"taxonomy":"post_tag","embeddable":true,"href":"https:\/\/tvc16.com\/portal\/wp-json\/wp\/v2\/tags?post=13575"}],"curies":[{"name":"wp","href":"https:\/\/api.w.org\/{rel}","templated":true}]}}