{"id":13578,"date":"2021-04-27T18:01:26","date_gmt":"2021-04-27T21:01:26","guid":{"rendered":"https:\/\/tvc16.com\/portal\/?p=13578"},"modified":"2021-04-27T18:01:28","modified_gmt":"2021-04-27T21:01:28","slug":"ministerio-da-saude-inclui-gravidas-no-grupo-prioritario-de-vacinacao","status":"publish","type":"post","link":"https:\/\/tvc16.com\/portal\/2021\/04\/27\/ministerio-da-saude-inclui-gravidas-no-grupo-prioritario-de-vacinacao\/","title":{"rendered":"Minist\u00e9rio da Sa\u00fade inclui gr\u00e1vidas no grupo priorit\u00e1rio de vacina\u00e7\u00e3o"},"content":{"rendered":"\n<h3 class=\"wp-block-heading\">A vacina\u00e7\u00e3o deve come\u00e7ar no dia 13 de maio<\/h3>\n\n\n\n<h4 class=\"wp-block-heading\">Por Luciano Nascimento &#8211; Rep\u00f3rter da Ag\u00eancia Brasil &#8211; Bras\u00edlia<\/h4>\n\n\n\n<p>O Minist\u00e9rio da Sa\u00fade decidiu incluir as gr\u00e1vidas e pu\u00e9rperas (mulheres no per\u00edodo p\u00f3s-parto) no grupo priorit\u00e1rio para receber a vacina contra a covid-19, informou hoje&nbsp;(27) a coordenadora do Programa Nacional de Imuniza\u00e7\u00e3o (PNI) do minist\u00e9rio, Franciele Francinato.&nbsp;<img decoding=\"async\" src=\"https:\/\/agenciabrasil.ebc.com.br\/ebc.png?id=1407949&amp;o=node\"><img decoding=\"async\" src=\"https:\/\/agenciabrasil.ebc.com.br\/ebc.gif?id=1407949&amp;o=node\"><\/p>\n\n\n\n<p>Em audi\u00eancia na C\u00e2mara dos Deputados para debater a situa\u00e7\u00e3o das vacinas no pa\u00eds, a coordenadora disse que a medida foi tomada em raz\u00e3o da situa\u00e7\u00e3o preocupante da pandemia no Brasil e visto que gr\u00e1vidas e pu\u00e9rperas t\u00eam risco maior de hospitaliza\u00e7\u00e3o por covid-19.&nbsp; &#8220;A vacina\u00e7\u00e3o deve come\u00e7ar a partir do dia&nbsp;13 de maio&#8221;, informou.<\/p>\n\n\n\n<p>Em 15 de mar\u00e7o, o governo j\u00e1 tinha inclu\u00eddo as gestantes com comorbidades. De acordo com Franciele,&nbsp;uma nota t\u00e9cnica foi encaminhada ontem&nbsp;(26) aos secret\u00e1rios estaduais de Sa\u00fade, com as novas orienta\u00e7\u00f5es.<\/p>\n\n\n\n<p>\u201cNossa indica\u00e7\u00e3o \u00e9 que, nesse momento, vamos&nbsp;alterar um pouco a recomenda\u00e7\u00e3o da OMS [Organiza\u00e7\u00e3o Mundial de Sa\u00fade] que&nbsp;hoje&nbsp;indica a vacina\u00e7\u00e3o, de acordo com o custo x benef\u00edcio. Mas, hoje, o risco de n\u00e3o vacinar gestantes no pa\u00eds j\u00e1 justifica a inclus\u00e3o desse grupo para se tornar um grupo de vacina\u00e7\u00e3o&nbsp;nesse momento\u201d, afirmou.<\/p>\n\n\n\n<p>Apesar da mudan\u00e7a, de acordo com a pasta, em um&nbsp;primeiro momento,&nbsp;devem ser vacinadas as gr\u00e1vidas com doen\u00e7as pr\u00e9-existentes.&nbsp;De acordo com a coordenadora, ser\u00e3o usados as vacinas Coronavac, AstraZeneca e da Pfizer. Neste caso, o primeiro lote de entregas do imunizante deve chegar na pr\u00f3xima&nbsp;quinta-feira (29) e&nbsp;1,3 milh\u00e3o de doses ser\u00e3o distribu\u00eddos para utiliza\u00e7\u00e3o nas capitais.<\/p>\n\n\n\n<p>Franciele disse que a medida foi tomada devido a&nbsp;necessidade de armazenagem das vacinas. Para manter a estabilidade do material, a vacina precisa ficar armazenada em temperaturas de -90\u00b0 a -60\u00b0, por at\u00e9 seis meses.<\/p>\n\n\n\n<p>No caso das capitais, as doses ser\u00e3o encaminhados aos centros que podem manter o imunizante em temperaturas de -20\u00b0 pelo per\u00edodo de sete dias.<\/p>\n\n\n\n<p>\u201cPara a aplica\u00e7\u00e3o, a vacina pode ficar em temperatura de geladeira, de at\u00e9 8\u00b0, por at\u00e9 cinco dias\u201d, afirmou.<\/p>\n\n\n\n<p>Edi\u00e7\u00e3o: Maria Claudia<\/p>\n","protected":false},"excerpt":{"rendered":"<p>A vacina\u00e7\u00e3o deve come\u00e7ar no dia 13 de maio Por Luciano Nascimento &#8211; Rep\u00f3rter da<\/p>\n","protected":false},"author":2,"featured_media":13579,"comment_status":"open","ping_status":"open","sticky":false,"template":"","format":"standard","meta":{"footnotes":""},"categories":[17],"tags":[],"class_list":["post-13578","post","type-post","status-publish","format-standard","has-post-thumbnail","hentry","category-outras-noticias"],"_links":{"self":[{"href":"https:\/\/tvc16.com\/portal\/wp-json\/wp\/v2\/posts\/13578","targetHints":{"allow":["GET"]}}],"collection":[{"href":"https:\/\/tvc16.com\/portal\/wp-json\/wp\/v2\/posts"}],"about":[{"href":"https:\/\/tvc16.com\/portal\/wp-json\/wp\/v2\/types\/post"}],"author":[{"embeddable":true,"href":"https:\/\/tvc16.com\/portal\/wp-json\/wp\/v2\/users\/2"}],"replies":[{"embeddable":true,"href":"https:\/\/tvc16.com\/portal\/wp-json\/wp\/v2\/comments?post=13578"}],"version-history":[{"count":1,"href":"https:\/\/tvc16.com\/portal\/wp-json\/wp\/v2\/posts\/13578\/revisions"}],"predecessor-version":[{"id":13580,"href":"https:\/\/tvc16.com\/portal\/wp-json\/wp\/v2\/posts\/13578\/revisions\/13580"}],"wp:featuredmedia":[{"embeddable":true,"href":"https:\/\/tvc16.com\/portal\/wp-json\/wp\/v2\/media\/13579"}],"wp:attachment":[{"href":"https:\/\/tvc16.com\/portal\/wp-json\/wp\/v2\/media?parent=13578"}],"wp:term":[{"taxonomy":"category","embeddable":true,"href":"https:\/\/tvc16.com\/portal\/wp-json\/wp\/v2\/categories?post=13578"},{"taxonomy":"post_tag","embeddable":true,"href":"https:\/\/tvc16.com\/portal\/wp-json\/wp\/v2\/tags?post=13578"}],"curies":[{"name":"wp","href":"https:\/\/api.w.org\/{rel}","templated":true}]}}