{"id":13581,"date":"2021-04-27T20:59:52","date_gmt":"2021-04-27T23:59:52","guid":{"rendered":"https:\/\/tvc16.com\/portal\/?p=13581"},"modified":"2021-04-27T20:59:54","modified_gmt":"2021-04-27T23:59:54","slug":"em-dois-dias-sao-confirmadas-47-novas-mortes-por-covid-19-em-petropolis","status":"publish","type":"post","link":"https:\/\/tvc16.com\/portal\/2021\/04\/27\/em-dois-dias-sao-confirmadas-47-novas-mortes-por-covid-19-em-petropolis\/","title":{"rendered":"Em dois dias s\u00e3o confirmadas 47 novas mortes por covid-19 em Petr\u00f3polis"},"content":{"rendered":"\n<p>O boletim epidemiol\u00f3gico desta ter\u00e7a-feira (27\/04) mostra que Petr\u00f3polis fez, at\u00e9 agora, 146.500 testes para Covid-19, com 31.162 resultados positivos e 110.241 negativos (levando em considera\u00e7\u00e3o testes r\u00e1pidos e Swab). Mais 22 \u00f3bitos foram confirmados e inseridos na base de dados do munic\u00edpio nesta ter\u00e7a-feira (27). Na segunda-feira, 25 mortes j\u00e1 tinham sido confirmadas, ou seja, em 48h a Secretaria de Sa\u00fade anunciou 47 \u00f3bitos por covid-19 em Petr\u00f3polis.<\/p>\n\n\n\n<p>Neste momento, 160 pessoas est\u00e3o internadas em leitos de UTI privados e pelo SUS. Outras 173 est\u00e3o em leitos cl\u00ednicos, considerando leitos privados e SUS, totalizando assim, 333 interna\u00e7\u00f5es em toda a rede da cidade. A ocupa\u00e7\u00e3o de leitos cl\u00ednicos pelo SUS \u00e9 de 70,77% e 78,15% em leitos de UTI.<\/p>\n\n\n\n<p>A Secretaria de Sa\u00fade esclarece que o n\u00famero de \u00f3bitos, hoje em 933 \u00e9 atualizado nos boletins apenas ap\u00f3s o registro do atestado de \u00f3bito e do resultado do exame do paciente no sistema da Vigil\u00e2ncia Epidemiol\u00f3gica, o que \u00e9 feito por equipe administrativa. Trata-se de medida de seguran\u00e7a para evitar erro na informa\u00e7\u00e3o divulgada pela Secretaria de Sa\u00fade.<\/p>\n\n\n\n<p>A Secretaria acrescenta, ainda, que trabalha na atualiza\u00e7\u00e3o de dados de notifica\u00e7\u00f5es e casos em an\u00e1lise no sistema, inserindo ainda dados pendentes de meses anteriores. \u00c9 poss\u00edvel acompanhar a evolu\u00e7\u00e3o dos casos no portal da transpar\u00eancia do coronav\u00edrus, no site da Prefeitura (www.petropolis.rj.gov.br).<\/p>\n\n\n\n<p><em>\u00d3bitos registrados:<\/em><\/p>\n\n\n\n<ol class=\"wp-block-list\"><li>Homem, 79 anos, morador no Itamarati. Internado em 06.04.2021 no SMH. \u00d3bito registrado em 10.04.2021 no SMH. Paciente com doen\u00e7a cardiovascular cr\u00f4nica.<\/li><li>Mulher, 74 anos, moradora no Madame Machado. Internada em 14.04.2021 na UPA Cascatinha. \u00d3bito registrado em 18.04.2021 na UPA Cascatinha. Paciente com hipertens\u00e3o arterial.<\/li><li>Homem, 62 anos, morador no Quitandinha. Internado em 15.04.2021 no HST. \u00d3bito registrado em 18.04.2021 no HST. Paciente com hipertens\u00e3o arterial.<\/li><li>Homem, 58 anos, morador em Itaipava. Internado em 31.03.2021 na UPA Cascatinha e transferido para o HCC. \u00d3bito registrado em 18.04.2021 no HCC. Paciente com hipertens\u00e3o arterial.<\/li><li>Homem, 91 anos, morador em Bonsucesso. Internado em 25.03.2021 no Hospital Unimed. \u00d3bito registrado em 19.04.2021. Paciente sem comorbidades.<\/li><li>Mulher, 56 anos, moradora no Independ\u00eancia. Internada em 09.04.2021 na UPA Centro e transferida para HNSA. \u00d3bito registrado em 19.04.2021 no HNSA. Paciente com hipertens\u00e3o arterial.<\/li><li>Mulher, 71 anos, moradora no Castelo S\u00e3o Manoel. Internada em 08.04.2021 no HNSA. \u00d3bito registrado em 19.04.2021 no HNSA. Paciente com doen\u00e7a cardiovascular cr\u00f4nica.<\/li><li>Homem, 68 anos, morador no Dr. Thouzet. Internado em 02.04.2021 no HNSA. \u00d3bito registrado em 19.04.2021 no HNSA. Paciente sem comorbidades.<\/li><li>Homem, 74 anos, morador na Mosela. Internado em 08.04.2021 na UPA Cascatinha e transferido para o HNSA. \u00d3bito registrado em 19.04.2021 no HNSA. Paciente com hipertens\u00e3o arterial e diabete.<\/li><li>Homem, 70 anos, morador no Alto da Serra. Internado em 10.04.2021 na UPA Cascatinha e transferido para o HNSA. \u00d3bito registrado em 19.04.2021 no HNSA. Paciente com hipertens\u00e3o arterial.<\/li><li>Mulher, 88 anos, moradora em Corr\u00eaas. Internada em 18.04.2021 na UPA Centro. \u00d3bito registrado em 19.04.2021 na UPA Centro. Paciente com hipertens\u00e3o arterial e Alzheimer.<\/li><li>Homem, 58 anos, morador no Valpara\u00edso. Internado em 31.03.2021 na UPA Cascatinha e transferido para o HCC. \u00d3bito registrado em 20.04.2021 no HCC. Paciente com doen\u00e7a cardiovascular cr\u00f4nica.<\/li><li>Homem, 63 anos, morador no Valpara\u00edso. Internado em 20.04.2021 na UPA Cascatinha. \u00d3bito registrado em 20.04.2021 na UPA Cascatinha. Paciente com hipertens\u00e3o arterial, diabetes e obesidade.<\/li><li>Homem, 43 anos, morador em Araras. Internado em 18.04.2021 na UPA Cascatinha. \u00d3bito registrado em 20.04.2021 na UPA Cascatinha. Paciente sem comorbidades.<\/li><li>Homem, 72 anos, morador no Duarte da Silveira. Internado em 11.04.2021 na UPA Cascatinha e transferida para o HAC. \u00d3bito registrado em 20.04.2021 no HAC. Paciente com doen\u00e7a pulmonar obstrutiva cr\u00f4nica.<\/li><li>Homem, 63 anos, morador na Estrada da Saudade. Internado em 17.03.2021 na UPA Cascatinha e transferido para o HAC. \u00d3bito registrado em 20.04.2021 no HAC. Paciente com hipertens\u00e3o arterial.<\/li><li>Homem, 71 anos, morador na Mosela. Internado em 07.04.2021 no Hospital Unimed. \u00d3bito registrado em 22.04.2021 no Hospital Unimed. Paciente com diabetes e doen\u00e7a cardiovascular cr\u00f4nica.<\/li><li>Mulher, 63 anos, morador na Estrada da Saudade. Internada em 06.04.2021 na UPA Centro e transferida para o HMNSE. \u00d3bito registrado em 21.04.2021 no HMNSE. Paciente com hipertens\u00e3o arterial e hipotireoidismo.<\/li><li>Mulher, 77 anos, moradora no S\u00e3o Sebasti\u00e3o. Internada em 20.04.2021 no HMNSE. \u00d3bito registrado em 21.04.2021 no HMNSE. Paciente com hipertens\u00e3o arterial, diabetes e doen\u00e7a arterial coronariana.<\/li><li>Mulher, 68 anos, moradora em Madame Machado. Internada em 07.04.2021 na UPA Cascatinha e transferida para o HAC. \u00d3bito registrado em 22.04.2021 no HAC. Paciente com hipertens\u00e3o arterial.<\/li><li>Homem, 69 anos, morador em Itaipava. Internado em 12.04.2021 no HMNSE. \u00d3bito registrado em 25.04.2021 no HMNSE. Paciente com hipertens\u00e3o arterial.<\/li><li>Homem, 73 anos, morador na Posse. Internado em 23.04.2021 na UPA Cascatinha e transferido para o HMNSE. \u00d3bito registrado em 25.04.2021 no HMNSE. Paciente sem comorbidades.<\/li><\/ol>\n","protected":false},"excerpt":{"rendered":"<p>O boletim epidemiol\u00f3gico desta ter\u00e7a-feira (27\/04) mostra que Petr\u00f3polis fez, at\u00e9 agora, 146.500 testes para<\/p>\n","protected":false},"author":2,"featured_media":13582,"comment_status":"open","ping_status":"open","sticky":false,"template":"","format":"standard","meta":{"footnotes":""},"categories":[12],"tags":[],"class_list":["post-13581","post","type-post","status-publish","format-standard","has-post-thumbnail","hentry","category-cidade"],"_links":{"self":[{"href":"https:\/\/tvc16.com\/portal\/wp-json\/wp\/v2\/posts\/13581","targetHints":{"allow":["GET"]}}],"collection":[{"href":"https:\/\/tvc16.com\/portal\/wp-json\/wp\/v2\/posts"}],"about":[{"href":"https:\/\/tvc16.com\/portal\/wp-json\/wp\/v2\/types\/post"}],"author":[{"embeddable":true,"href":"https:\/\/tvc16.com\/portal\/wp-json\/wp\/v2\/users\/2"}],"replies":[{"embeddable":true,"href":"https:\/\/tvc16.com\/portal\/wp-json\/wp\/v2\/comments?post=13581"}],"version-history":[{"count":1,"href":"https:\/\/tvc16.com\/portal\/wp-json\/wp\/v2\/posts\/13581\/revisions"}],"predecessor-version":[{"id":13583,"href":"https:\/\/tvc16.com\/portal\/wp-json\/wp\/v2\/posts\/13581\/revisions\/13583"}],"wp:featuredmedia":[{"embeddable":true,"href":"https:\/\/tvc16.com\/portal\/wp-json\/wp\/v2\/media\/13582"}],"wp:attachment":[{"href":"https:\/\/tvc16.com\/portal\/wp-json\/wp\/v2\/media?parent=13581"}],"wp:term":[{"taxonomy":"category","embeddable":true,"href":"https:\/\/tvc16.com\/portal\/wp-json\/wp\/v2\/categories?post=13581"},{"taxonomy":"post_tag","embeddable":true,"href":"https:\/\/tvc16.com\/portal\/wp-json\/wp\/v2\/tags?post=13581"}],"curies":[{"name":"wp","href":"https:\/\/api.w.org\/{rel}","templated":true}]}}