{"id":13587,"date":"2021-04-28T10:57:15","date_gmt":"2021-04-28T13:57:15","guid":{"rendered":"https:\/\/tvc16.com\/portal\/?p=13587"},"modified":"2021-04-28T10:59:34","modified_gmt":"2021-04-28T13:59:34","slug":"quase-4-mil-pessoas-foram-vacinadas-contra-covid-19-ontem-27","status":"publish","type":"post","link":"https:\/\/tvc16.com\/portal\/2021\/04\/28\/quase-4-mil-pessoas-foram-vacinadas-contra-covid-19-ontem-27\/","title":{"rendered":"Quase 4 mil pessoas foram vacinadas contra covid-19 ontem (27)"},"content":{"rendered":"\n<p>As equipes de enfermagem, sob coordena\u00e7\u00e3o do departamento de Vigil\u00e2ncia em Sa\u00fade, deram sequ\u00eancia nesta ter\u00e7a-feira (27\/04) a vacina\u00e7\u00e3o contra a Covid-19. Durante todo o dia, 3.779 pessoas foram vacinadas na cidade, destas 1.831 receberam a primeira dose e 1.947 receberam a segunda dose. At\u00e9 o momento 55.637 pessoas receberam a primeira dose e outras 24.572 receberam a segunda dose do imunizante.<\/p>\n\n\n\n<p>Nos pontos de drive thru do Centro, de Itaipava, Bingen e Hipershopping, 1.339 idosos foram vacinados, sendo 693 com a primeira dose e 646 com a segunda. Nos pontos de vacina\u00e7\u00e3o do Petropolitano Futebol Clube, da Escola Municipal Josemar Contage, em Correas, e da Posse, 1.040 pessoas foram vacinadas, sendo 539 com a primeira dose e 501, com a segunda.<\/p>\n\n\n\n<p>Nas UBSs Quitandinha e Morin, no Clube Palmeira, e nos PSFs, 1.201 pessoas foram vacinadas. Destas, 508 receberam a primeira dose e 693 foram vacinadas com a segunda dose. Equipes do Servi\u00e7o de Atendimento Domiciliar (SAD) atenderam ainda 17 pacientes acamados, com a aplica\u00e7\u00e3o da segunda dose da vacina. Tamb\u00e9m forma vacinados sete pacientes cr\u00f4nicos com a primeira dose. Foram vacinados ainda com a segunda dose, cinco pacientes cr\u00f4nicos institucionalizados e dois idosos moradores de institui\u00e7\u00e3o de longa perman\u00eancia.<\/p>\n\n\n\n<p>Em paralelo, equipes vacinaram 156 profissionais de Sa\u00fade, sendo 73 com a primeira dose e 83 com a segunda dose do imunizante. Equipes aplicaram ainda 12 vacinas referentes a primeira dose em integrantes de for\u00e7as de seguran\u00e7a.<\/p>\n\n\n\n<p>A vacina\u00e7\u00e3o segue nesta quarta-feira (28\/04) voltada para idosos a partir de 62 anos. A Secretaria segue cadastrando idosos a partir de 60 anos \u2013 p\u00fablico que come\u00e7a a ser vacinado no dia 29. Para receber a vacina, idosos devem estar cadastrados no site da prefeitura. (www.petropolis.rj.gov.br). Ap\u00f3s o cadastro, os dados sobre o agendamento podem ser consultados pelo endere\u00e7o eletr\u00f4nico: https:\/\/smspetropolis.net.br\/consultaVacina.html.<\/p>\n","protected":false},"excerpt":{"rendered":"<p>As equipes de enfermagem, sob coordena\u00e7\u00e3o do departamento de Vigil\u00e2ncia em Sa\u00fade, deram sequ\u00eancia nesta<\/p>\n","protected":false},"author":2,"featured_media":13592,"comment_status":"open","ping_status":"open","sticky":false,"template":"","format":"standard","meta":{"footnotes":""},"categories":[12],"tags":[],"class_list":["post-13587","post","type-post","status-publish","format-standard","has-post-thumbnail","hentry","category-cidade"],"_links":{"self":[{"href":"https:\/\/tvc16.com\/portal\/wp-json\/wp\/v2\/posts\/13587","targetHints":{"allow":["GET"]}}],"collection":[{"href":"https:\/\/tvc16.com\/portal\/wp-json\/wp\/v2\/posts"}],"about":[{"href":"https:\/\/tvc16.com\/portal\/wp-json\/wp\/v2\/types\/post"}],"author":[{"embeddable":true,"href":"https:\/\/tvc16.com\/portal\/wp-json\/wp\/v2\/users\/2"}],"replies":[{"embeddable":true,"href":"https:\/\/tvc16.com\/portal\/wp-json\/wp\/v2\/comments?post=13587"}],"version-history":[{"count":1,"href":"https:\/\/tvc16.com\/portal\/wp-json\/wp\/v2\/posts\/13587\/revisions"}],"predecessor-version":[{"id":13589,"href":"https:\/\/tvc16.com\/portal\/wp-json\/wp\/v2\/posts\/13587\/revisions\/13589"}],"wp:featuredmedia":[{"embeddable":true,"href":"https:\/\/tvc16.com\/portal\/wp-json\/wp\/v2\/media\/13592"}],"wp:attachment":[{"href":"https:\/\/tvc16.com\/portal\/wp-json\/wp\/v2\/media?parent=13587"}],"wp:term":[{"taxonomy":"category","embeddable":true,"href":"https:\/\/tvc16.com\/portal\/wp-json\/wp\/v2\/categories?post=13587"},{"taxonomy":"post_tag","embeddable":true,"href":"https:\/\/tvc16.com\/portal\/wp-json\/wp\/v2\/tags?post=13587"}],"curies":[{"name":"wp","href":"https:\/\/api.w.org\/{rel}","templated":true}]}}