{"id":1359,"date":"2020-09-26T18:00:50","date_gmt":"2020-09-26T18:00:50","guid":{"rendered":"https:\/\/tvc16.com\/portal\/?p=1359"},"modified":"2020-09-26T18:00:50","modified_gmt":"2020-09-26T18:00:50","slug":"no-beira-rio-internacional-e-sao-paulo-duelam-em-busca-de-recuperacao","status":"publish","type":"post","link":"https:\/\/tvc16.com\/portal\/2020\/09\/26\/no-beira-rio-internacional-e-sao-paulo-duelam-em-busca-de-recuperacao\/","title":{"rendered":"No Beira-Rio, Internacional e S\u00e3o Paulo duelam em busca de recupera\u00e7\u00e3o"},"content":{"rendered":"\n<h3 class=\"wp-block-heading\">Para evitar crise, paulistas e ga\u00fachos precisam dos tr\u00eas pontos<\/h3>\n\n\n\n<h4 class=\"wp-block-heading\">Por Juliano Justo &#8211; Rep\u00f3rter da TV Brasil e da R\u00e1dio Nacional &#8211; S\u00e3o Paulo<\/h4>\n\n\n\n<p>O cl\u00e1ssico Internacional e S\u00e3o Paulo \u00e9 um dos destaques da 12\u00aa rodada do Campeonato Brasileiro. O jogo deste s\u00e1bado (26) come\u00e7a \u00e0s 19h (hor\u00e1rio de Bras\u00edlia) no est\u00e1dio do Beira-Rio, em Porto Alegre.<img decoding=\"async\" src=\"https:\/\/agenciabrasil.ebc.com.br\/ebc.png?id=1388989&amp;o=node\"><img decoding=\"async\" src=\"https:\/\/agenciabrasil.ebc.com.br\/ebc.gif?id=1388989&amp;o=node\"><\/p>\n\n\n\n<p>Com este jogo, ga\u00fachos e paulistas reeditam um confronto que j\u00e1 foi, inclusive, final de Libertadores, no ano de 2006. Por\u00e9m, agora o momento dos dois clubes \u00e9 bem diferente. O Inter acaba de perder a lideran\u00e7a do campeonato nacional ap\u00f3s duas derrotas seguidas na competi\u00e7\u00e3o, para Fortaleza e Goi\u00e1s.<\/p>\n\n\n\n<p>Al\u00e9m disso, o Colorado amargado o quarto insucesso em cinco confrontos contra o principal rival, Gr\u00eamio, na temporada. Com a derrota por 1 a 0 para o tricolor ga\u00facho, na \u00faltima quarta (23), pela Libertadores, o Inter chegou ao d\u00e9cimo Gre-Nal seguido sem vit\u00f3ria (com quatro empates e seis derrotas desde 2018).https:\/\/platform.twitter.com\/embed\/index.html?creatorScreenName=agenciabrasil&amp;dnt=false&amp;embedId=twitter-widget-0&amp;frame=false&amp;hideCard=false&amp;hideThread=false&amp;id=1308941239795027969&amp;lang=pt&amp;origin=https%3A%2F%2Fagenciabrasil.ebc.com.br%2Fesportes%2Fnoticia%2F2020-09%2Fno-beira-rio-internacional-e-sao-paulo-duelam-em-busca-de-recuperacao&amp;siteScreenName=agenciabrasil&amp;theme=light&amp;widgetsVersion=219d021%3A1598982042171&amp;width=550px<\/p>\n\n\n\n<p>Neste contexto, o t\u00e9cnico argentino Eduardo Coudet, que chegou a Porto Alegre no in\u00edcio de ano representando uma esperan\u00e7a de retomada de um futebol ofensivo no Beira-Rio, j\u00e1 come\u00e7a a ser pressionado pelos maus resultados. Inclusive, n\u00e3o \u00e9 descartada uma poss\u00edvel demiss\u00e3o em caso de insucessos na dif\u00edcil sequ\u00eancia que o clube tem pela frente (S\u00e3o Paulo, pelo Brasileiro, Am\u00e9rica de Cali, pela Libertadores, e Gr\u00eamio, pelo Brasileiro).<\/p>\n\n\n\n<p>Para o jogo desta noite, o lateral-esquerdo Mois\u00e9s e o volante Eden\u00edlson devem retornar \u00e0 equipe titular. O zagueiro Victor Cuesta e o meia Praxedes tamb\u00e9m voltam a ficar \u00e0 disposi\u00e7\u00e3o depois de cumprirem suspens\u00e3o no \u00faltimo final de semana. J\u00e1 o volante Patrick, que segue se recuperando de uma les\u00e3o na coxa direita, \u00e9 d\u00favida. Assim, o prov\u00e1vel time ser\u00e1: Marcelo Lomba; Rodinei, Rodrigo Moledo, V\u00edctor Cuesta e Mois\u00e9s; Musto, Edenilson, Marcos Guilherme e Praxedes; D&#8217;Alessandro e Leandro Fern\u00e1ndez.<\/p>\n\n\n\n<p>J\u00e1 o S\u00e3o Paulo ficou em situa\u00e7\u00e3o dif\u00edcil na Libertadores ap\u00f3s empate com o River Plate, por 2 a 2, e derrota para a LDU, por 4 a 2. Para se classificar \u00e0 pr\u00f3xima fase da competi\u00e7\u00e3o continental, a equipe do t\u00e9cnico Fernando Diniz precisa vencer os dois jogos restantes e torcer por resultados paralelos.<\/p>\n\n\n\n<p>Com este panorama, mesmo tendo um confronto important\u00edssimo na pr\u00f3xima quarta-feira contra o River Plate em Buenos Aires, o S\u00e3o Paulo deve ir a campo nesta noite com o que tem de melhor. Inclusive com dois retornos fundamentais, o meia Daniel Alves, que se recuperou de les\u00e3o no bra\u00e7o, e o centroavante Luciano, que cumpriu suspens\u00e3o nos \u00faltimos jogos pela Libertadores.<\/p>\n\n\n\n<p>A equipe paulista, que n\u00e3o joga pelo Brasileiro desde 12 de setembro, quando empatou com o Santos em 2 a 2, deve ter: Tiago Volpi; Igor Vinicius, Diego Costa, L\u00e9o e Reinaldo; Tch\u00ea Tch\u00ea, Gabriel Sara, Daniel Alves e Igor Gomes; Pablo e Luciano.<\/p>\n\n\n\n<h2 class=\"wp-block-heading\">Transmiss\u00e3o da R\u00e1dio Nacional<\/h2>\n\n\n\n<p>Voc\u00ea acompanha Inter e S\u00e3o Paulo, neste s\u00e1bado a partir das 18h30, na&nbsp;<strong>R\u00e1dio Nacional<\/strong>. A locu\u00e7\u00e3o ser\u00e1 de Andr\u00e9 Luiz Mendes, os coment\u00e1rios de Waldir Luiz e o plant\u00e3o de Bruno Mendes. Voc\u00ea escuta a R\u00e1dio Nacional aqui:<\/p>\n\n\n\n<h2 class=\"wp-block-heading\">Outros jogos de s\u00e1bado<\/h2>\n\n\n\n<p>Tamb\u00e9m neste s\u00e1bado, o Brasileiro ter\u00e1 Athletico-PR contra Bahia, a partir das 19h na Arena da Baixada, e Atl\u00e9tico-MG e Gr\u00eamio, a partir das 21h no est\u00e1dio do Mineirs\u00e3o.<\/p>\n\n\n\n<p><a href=\"https:\/\/agenciabrasil.ebc.com.br\/esportes\/tabelas\/index.html\">Veja a classifica\u00e7\u00e3o atualizada da S\u00e9rie A do Brasileiro.<\/a><\/p>\n\n\n\n<p>Edi\u00e7\u00e3o: F\u00e1bio Lisboa<\/p>\n","protected":false},"excerpt":{"rendered":"<p>Para evitar crise, paulistas e ga\u00fachos precisam dos tr\u00eas pontos Por Juliano Justo &#8211; Rep\u00f3rter<\/p>\n","protected":false},"author":2,"featured_media":1360,"comment_status":"open","ping_status":"open","sticky":false,"template":"","format":"standard","meta":{"footnotes":""},"categories":[20],"tags":[],"class_list":["post-1359","post","type-post","status-publish","format-standard","has-post-thumbnail","hentry","category-esporte"],"_links":{"self":[{"href":"https:\/\/tvc16.com\/portal\/wp-json\/wp\/v2\/posts\/1359","targetHints":{"allow":["GET"]}}],"collection":[{"href":"https:\/\/tvc16.com\/portal\/wp-json\/wp\/v2\/posts"}],"about":[{"href":"https:\/\/tvc16.com\/portal\/wp-json\/wp\/v2\/types\/post"}],"author":[{"embeddable":true,"href":"https:\/\/tvc16.com\/portal\/wp-json\/wp\/v2\/users\/2"}],"replies":[{"embeddable":true,"href":"https:\/\/tvc16.com\/portal\/wp-json\/wp\/v2\/comments?post=1359"}],"version-history":[{"count":1,"href":"https:\/\/tvc16.com\/portal\/wp-json\/wp\/v2\/posts\/1359\/revisions"}],"predecessor-version":[{"id":1361,"href":"https:\/\/tvc16.com\/portal\/wp-json\/wp\/v2\/posts\/1359\/revisions\/1361"}],"wp:featuredmedia":[{"embeddable":true,"href":"https:\/\/tvc16.com\/portal\/wp-json\/wp\/v2\/media\/1360"}],"wp:attachment":[{"href":"https:\/\/tvc16.com\/portal\/wp-json\/wp\/v2\/media?parent=1359"}],"wp:term":[{"taxonomy":"category","embeddable":true,"href":"https:\/\/tvc16.com\/portal\/wp-json\/wp\/v2\/categories?post=1359"},{"taxonomy":"post_tag","embeddable":true,"href":"https:\/\/tvc16.com\/portal\/wp-json\/wp\/v2\/tags?post=1359"}],"curies":[{"name":"wp","href":"https:\/\/api.w.org\/{rel}","templated":true}]}}