{"id":13599,"date":"2021-04-28T11:10:50","date_gmt":"2021-04-28T14:10:50","guid":{"rendered":"https:\/\/tvc16.com\/portal\/?p=13599"},"modified":"2021-04-28T11:41:50","modified_gmt":"2021-04-28T14:41:50","slug":"homens-tentam-invadir-32-batalhao-de-infantaria-leve-de-montanha","status":"publish","type":"post","link":"https:\/\/tvc16.com\/portal\/2021\/04\/28\/homens-tentam-invadir-32-batalhao-de-infantaria-leve-de-montanha\/","title":{"rendered":"Homens tentam invadir 32\u00b0 Batalh\u00e3o de Infantaria Leve de Montanha"},"content":{"rendered":"\n<p>Na madrugada de hoje (28), por volta das 2h, dois homens trocaram tiros com militares do 32\u00ba Batalh\u00e3o de Infantaria Leve de Montanha \u2013 Batalh\u00e3o Dom Pedro II. Os acusados tentaram invadir o local e atingiram um militar com um disparo de rasp\u00e3o. Apesar do ocorrido a v\u00edtima, que foi levada para o SMH, passa bem e j\u00e1 recebeu alta. Os suspeitos, que ainda n\u00e3o foram identificados, conseguiram fugir. <\/p>\n\n\n\n<p>Em nota o batalh\u00e3o disse que os militares que estavam em servi\u00e7o perceberam uma movimenta\u00e7\u00e3o suspeita nos fundos do aquartelamento. &#8220;Um grupamento de militares foi ao local identificar a poss\u00edvel altera\u00e7\u00e3o, e encontrou dois indiv\u00edduos dentro da \u00e1rea militar. Ao tentar cont\u00ea-los, os mesmos iniciaram disparos contra a guarni\u00e7\u00e3o e um militar acabou baleado no ombro&#8221;, disse a comunica\u00e7\u00e3o do <em><strong>32\u00ba<\/strong><\/em>\u00a0BIL Mth.<\/p>\n\n\n\n<p>O Batalh\u00e3o Dom Pedro II informou ainda, que est\u00e1 investigando a ocorr\u00eancia e um Inqu\u00e9rito Policial Militar (IPM) foi aberto.<\/p>\n\n\n\n<p>Foto: arquivo <em><strong>32\u00ba<\/strong><\/em>&nbsp;BIL Mth<\/p>\n","protected":false},"excerpt":{"rendered":"<p>Na madrugada de hoje (28), por volta das 2h, dois homens trocaram tiros com militares<\/p>\n","protected":false},"author":2,"featured_media":13600,"comment_status":"open","ping_status":"open","sticky":false,"template":"","format":"standard","meta":{"footnotes":""},"categories":[12],"tags":[],"class_list":["post-13599","post","type-post","status-publish","format-standard","has-post-thumbnail","hentry","category-cidade"],"_links":{"self":[{"href":"https:\/\/tvc16.com\/portal\/wp-json\/wp\/v2\/posts\/13599","targetHints":{"allow":["GET"]}}],"collection":[{"href":"https:\/\/tvc16.com\/portal\/wp-json\/wp\/v2\/posts"}],"about":[{"href":"https:\/\/tvc16.com\/portal\/wp-json\/wp\/v2\/types\/post"}],"author":[{"embeddable":true,"href":"https:\/\/tvc16.com\/portal\/wp-json\/wp\/v2\/users\/2"}],"replies":[{"embeddable":true,"href":"https:\/\/tvc16.com\/portal\/wp-json\/wp\/v2\/comments?post=13599"}],"version-history":[{"count":3,"href":"https:\/\/tvc16.com\/portal\/wp-json\/wp\/v2\/posts\/13599\/revisions"}],"predecessor-version":[{"id":13636,"href":"https:\/\/tvc16.com\/portal\/wp-json\/wp\/v2\/posts\/13599\/revisions\/13636"}],"wp:featuredmedia":[{"embeddable":true,"href":"https:\/\/tvc16.com\/portal\/wp-json\/wp\/v2\/media\/13600"}],"wp:attachment":[{"href":"https:\/\/tvc16.com\/portal\/wp-json\/wp\/v2\/media?parent=13599"}],"wp:term":[{"taxonomy":"category","embeddable":true,"href":"https:\/\/tvc16.com\/portal\/wp-json\/wp\/v2\/categories?post=13599"},{"taxonomy":"post_tag","embeddable":true,"href":"https:\/\/tvc16.com\/portal\/wp-json\/wp\/v2\/tags?post=13599"}],"curies":[{"name":"wp","href":"https:\/\/api.w.org\/{rel}","templated":true}]}}