{"id":13602,"date":"2021-04-28T11:25:23","date_gmt":"2021-04-28T14:25:23","guid":{"rendered":"https:\/\/tvc16.com\/portal\/?p=13602"},"modified":"2021-04-28T11:28:39","modified_gmt":"2021-04-28T14:28:39","slug":"confianca-do-comercio-sobe-em-abril","status":"publish","type":"post","link":"https:\/\/tvc16.com\/portal\/2021\/04\/28\/confianca-do-comercio-sobe-em-abril\/","title":{"rendered":"Confian\u00e7a do com\u00e9rcio sobe em abril"},"content":{"rendered":"\n<h3 class=\"wp-block-heading\">\u00cdndice recuperou mais da metade da queda de mar\u00e7o<\/h3>\n\n\n\n<h4 class=\"wp-block-heading\">Por Ana Cristina Campos \u2013 Rep\u00f3rter da Ag\u00eancia Brasil &#8211; Rio de Janeiro<\/h4>\n\n\n\n<p>O \u00cdndice de Confian\u00e7a do Com\u00e9rcio do Instituto Brasileiro de Economia da Funda\u00e7\u00e3o Getulio Vargas (FGV\/Ibre) subiu 11,6 pontos em abril, ao passar de 72,5 pontos para 84,1 pontos, recuperando mais da metade da queda de mar\u00e7o. Em m\u00e9dias m\u00f3veis trimestrais, o indicador caiu 2,2 pontos, mantendo a tend\u00eancia de queda pelo sexto m\u00eas seguido.<img decoding=\"async\" src=\"https:\/\/agenciabrasil.ebc.com.br\/ebc.png?id=1408035&amp;o=node\"><img decoding=\"async\" src=\"https:\/\/agenciabrasil.ebc.com.br\/ebc.gif?id=1408035&amp;o=node\"><\/p>\n\n\n\n<p>Segundo o coordenador da Sondagem do Com\u00e9rcio da FGV\/Ibre, Rodolpho Tobler, mesmo tendo sido aparentemente expressivo, o resultado apenas compensa parte da intensa queda ocorrida em mar\u00e7o. Ele avalia que o n\u00edvel dos indicadores do momento presente ainda est\u00e1 baixo e indica que a demanda no m\u00eas continuou fraca.<\/p>\n\n\n\n<p>\u201cPelo lado das expectativas, o n\u00edvel do indicador \u00e9 um pouco mais alto, mas a interpreta\u00e7\u00e3o \u00e9 de redu\u00e7\u00e3o no pessimismo. Os n\u00fameros negativos da pandemia, as medidas restritivas de circula\u00e7\u00e3o e funcionamento e a baixa confian\u00e7a dos consumidores sugerem que esse cen\u00e1rio s\u00f3 deve mudar quando aparecerem os efeitos positivos do programa de vacina\u00e7\u00e3o\u201d, disse o pesquisador, em nota.<\/p>\n\n\n\n<p>Em abril, a confian\u00e7a melhorou em todos os seis principais segmentos do com\u00e9rcio. O \u00cdndice de Situa\u00e7\u00e3o Atual avan\u00e7ou 5,7 pontos para 81,6 pontos, enquanto o \u00cdndice de Expectativas aumentou 17,1 pontos para 87,3 pontos. Em ambos os casos, as altas n\u00e3o compensam totalmente a queda de mar\u00e7o, de 10,6 pontos e 25,7 pontos, respectivamente.<\/p>\n\n\n\n<p>Edi\u00e7\u00e3o: Fernando Fraga<\/p>\n","protected":false},"excerpt":{"rendered":"<p>\u00cdndice recuperou mais da metade da queda de mar\u00e7o Por Ana Cristina Campos \u2013 Rep\u00f3rter<\/p>\n","protected":false},"author":2,"featured_media":13603,"comment_status":"open","ping_status":"open","sticky":false,"template":"","format":"standard","meta":{"footnotes":""},"categories":[17],"tags":[],"class_list":["post-13602","post","type-post","status-publish","format-standard","has-post-thumbnail","hentry","category-outras-noticias"],"_links":{"self":[{"href":"https:\/\/tvc16.com\/portal\/wp-json\/wp\/v2\/posts\/13602","targetHints":{"allow":["GET"]}}],"collection":[{"href":"https:\/\/tvc16.com\/portal\/wp-json\/wp\/v2\/posts"}],"about":[{"href":"https:\/\/tvc16.com\/portal\/wp-json\/wp\/v2\/types\/post"}],"author":[{"embeddable":true,"href":"https:\/\/tvc16.com\/portal\/wp-json\/wp\/v2\/users\/2"}],"replies":[{"embeddable":true,"href":"https:\/\/tvc16.com\/portal\/wp-json\/wp\/v2\/comments?post=13602"}],"version-history":[{"count":1,"href":"https:\/\/tvc16.com\/portal\/wp-json\/wp\/v2\/posts\/13602\/revisions"}],"predecessor-version":[{"id":13604,"href":"https:\/\/tvc16.com\/portal\/wp-json\/wp\/v2\/posts\/13602\/revisions\/13604"}],"wp:featuredmedia":[{"embeddable":true,"href":"https:\/\/tvc16.com\/portal\/wp-json\/wp\/v2\/media\/13603"}],"wp:attachment":[{"href":"https:\/\/tvc16.com\/portal\/wp-json\/wp\/v2\/media?parent=13602"}],"wp:term":[{"taxonomy":"category","embeddable":true,"href":"https:\/\/tvc16.com\/portal\/wp-json\/wp\/v2\/categories?post=13602"},{"taxonomy":"post_tag","embeddable":true,"href":"https:\/\/tvc16.com\/portal\/wp-json\/wp\/v2\/tags?post=13602"}],"curies":[{"name":"wp","href":"https:\/\/api.w.org\/{rel}","templated":true}]}}