{"id":13605,"date":"2021-04-28T11:27:08","date_gmt":"2021-04-28T14:27:08","guid":{"rendered":"https:\/\/tvc16.com\/portal\/?p=13605"},"modified":"2021-04-28T11:28:30","modified_gmt":"2021-04-28T14:28:30","slug":"presidente-do-coi-diz-entender-estado-de-emergencia-em-toquio","status":"publish","type":"post","link":"https:\/\/tvc16.com\/portal\/2021\/04\/28\/presidente-do-coi-diz-entender-estado-de-emergencia-em-toquio\/","title":{"rendered":"Presidente do COI diz entender estado de emerg\u00eancia em T\u00f3quio"},"content":{"rendered":"\n<h3 class=\"wp-block-heading\">Bach se comprometeu a realizar Olimp\u00edada segura e bem-sucedida<\/h3>\n\n\n\n<h4 class=\"wp-block-heading\">Por Rocky Swift e Ju-min Park &#8211; T\u00f3quio (Jap\u00e3o)<\/h4>\n\n\n\n<p>Thomas Bach, presidente do Comit\u00ea Ol\u00edmpico Internacional (COI), disse nesta quarta-feira (28) que entende totalmente a decis\u00e3o de declarar um estado de emerg\u00eancia em T\u00f3quio para combater a pandemia de coronav\u00edrus e que est\u00e1 comprometido a realizar uma Olimp\u00edada segura e bem-sucedida.<img decoding=\"async\" src=\"https:\/\/agenciabrasil.ebc.com.br\/ebc.png?id=1408034&amp;o=node\"><img decoding=\"async\" src=\"https:\/\/agenciabrasil.ebc.com.br\/ebc.gif?id=1408034&amp;o=node\"><\/p>\n\n\n\n<p>Bach falava no in\u00edcio de uma reuni\u00e3o com os organizadores da T\u00f3quio 2020 para finalizar a segunda edi\u00e7\u00e3o dos &#8220;manuais&#8221; de regras dos Jogos de Ver\u00e3o a menos de tr\u00eas meses do evento e no momento em que o Jap\u00e3o enfrenta uma disparada de casos de coronav\u00edrus.<\/p>\n\n\n\n<p>Partes do pa\u00eds, inclusive a capital, foram sujeitas a mais um estado de emerg\u00eancia no final de semana, e a maior parte do p\u00fablico japon\u00eas acha que a Olimp\u00edada, adiada em 2020 por causa da pandemia, deveria ser cancelada ou remarcada novamente.<\/p>\n\n\n\n<p>A emerg\u00eancia, que deve durar at\u00e9 11 de maio, exige que restaurantes e bares que servem \u00e1lcool fechem, assim como lojas grandes, cinemas e outros pontos comerciais, pede que empresas deixem os funcion\u00e1rios trabalharem em casa e exclui espectadores de grandes eventos esportivos.<\/p>\n\n\n\n<p>Na videoconfer\u00eancia, Bach disse aos organizadores, incluindo a presidente da T\u00f3quio 2020, Seiko Hashimoto, que entendeu a medida e que a obedi\u00eancia dos manuais, que delineiam uma s\u00e9rie de medidas anti-infec\u00e7\u00e3o, ser\u00e1 cumprida com rigor.<\/p>\n\n\n\n<p>Os espectadores estrangeiros j\u00e1 foram exclu\u00eddos, mas mais de dez&nbsp;mil atletas, treinadores e suas equipes s\u00e3o esperados para o evento de 23 de julho a 8 de agosto.<\/p>\n","protected":false},"excerpt":{"rendered":"<p>Bach se comprometeu a realizar Olimp\u00edada segura e bem-sucedida Por Rocky Swift e Ju-min Park<\/p>\n","protected":false},"author":2,"featured_media":13606,"comment_status":"open","ping_status":"open","sticky":false,"template":"","format":"standard","meta":{"footnotes":""},"categories":[17],"tags":[],"class_list":["post-13605","post","type-post","status-publish","format-standard","has-post-thumbnail","hentry","category-outras-noticias"],"_links":{"self":[{"href":"https:\/\/tvc16.com\/portal\/wp-json\/wp\/v2\/posts\/13605","targetHints":{"allow":["GET"]}}],"collection":[{"href":"https:\/\/tvc16.com\/portal\/wp-json\/wp\/v2\/posts"}],"about":[{"href":"https:\/\/tvc16.com\/portal\/wp-json\/wp\/v2\/types\/post"}],"author":[{"embeddable":true,"href":"https:\/\/tvc16.com\/portal\/wp-json\/wp\/v2\/users\/2"}],"replies":[{"embeddable":true,"href":"https:\/\/tvc16.com\/portal\/wp-json\/wp\/v2\/comments?post=13605"}],"version-history":[{"count":1,"href":"https:\/\/tvc16.com\/portal\/wp-json\/wp\/v2\/posts\/13605\/revisions"}],"predecessor-version":[{"id":13607,"href":"https:\/\/tvc16.com\/portal\/wp-json\/wp\/v2\/posts\/13605\/revisions\/13607"}],"wp:featuredmedia":[{"embeddable":true,"href":"https:\/\/tvc16.com\/portal\/wp-json\/wp\/v2\/media\/13606"}],"wp:attachment":[{"href":"https:\/\/tvc16.com\/portal\/wp-json\/wp\/v2\/media?parent=13605"}],"wp:term":[{"taxonomy":"category","embeddable":true,"href":"https:\/\/tvc16.com\/portal\/wp-json\/wp\/v2\/categories?post=13605"},{"taxonomy":"post_tag","embeddable":true,"href":"https:\/\/tvc16.com\/portal\/wp-json\/wp\/v2\/tags?post=13605"}],"curies":[{"name":"wp","href":"https:\/\/api.w.org\/{rel}","templated":true}]}}