{"id":13608,"date":"2021-04-28T11:28:07","date_gmt":"2021-04-28T14:28:07","guid":{"rendered":"https:\/\/tvc16.com\/portal\/?p=13608"},"modified":"2021-04-28T11:28:09","modified_gmt":"2021-04-28T14:28:09","slug":"confianca-do-consumidor-sobe-43-pontos-em-abril-diz-fgv","status":"publish","type":"post","link":"https:\/\/tvc16.com\/portal\/2021\/04\/28\/confianca-do-consumidor-sobe-43-pontos-em-abril-diz-fgv\/","title":{"rendered":"Confian\u00e7a do consumidor sobe 4,3 pontos em abril, diz FGV"},"content":{"rendered":"\n<h3 class=\"wp-block-heading\">Indice representa recupera\u00e7\u00e3o de 72,5 pontos referente a mar\u00e7o<\/h3>\n\n\n\n<h4 class=\"wp-block-heading\">Por Ana Cristina Campos \u2013 Rep\u00f3rter da Ag\u00eancia Brasil &#8211; Rio de Janeiro<\/h4>\n\n\n\n<p>O \u00cdndice de Confian\u00e7a do Consumidor (ICC) do Instituto Brasileiro de Economia da Funda\u00e7\u00e3o Getulio Vargas (FGV\/Ibre) subiu 4,3 pontos em abril, para 72,5 pontos recuperando 44% da queda sofrida no m\u00eas anterior. Em m\u00e9dias m\u00f3veis trimestrais, o \u00edndice continua em tend\u00eancia negativa ao cair 1,1 ponto.<img decoding=\"async\" src=\"https:\/\/agenciabrasil.ebc.com.br\/ebc.png?id=1408033&amp;o=node\"><img decoding=\"async\" src=\"https:\/\/agenciabrasil.ebc.com.br\/ebc.gif?id=1408033&amp;o=node\"><\/p>\n\n\n\n<p>Segundo a coordenadora das Sondagens do FGV\/Ibre, Viviane Seda Bittencourt, a confian\u00e7a dos consumidores ainda precisa ser avaliada com cautela pois a melhora foi influenciada pela diminui\u00e7\u00e3o do pessimismo das fam\u00edlias em rela\u00e7\u00e3o aos pr\u00f3ximos meses mas sem a percep\u00e7\u00e3o de recupera\u00e7\u00e3o da situa\u00e7\u00e3o atual por conta do cen\u00e1rio de agravamento da pandemia de covid-19.<\/p>\n\n\n\n<p>\u201cO comportamento cauteloso dos consumidores vem sendo mantido em rela\u00e7\u00e3o aos gastos, fato justificado por fatores econ\u00f4micos como: renda, emprego e aumento dos n\u00edveis de endividamento, mas tamb\u00e9m psicol\u00f3gicos, relacionadas \u00e0 incerteza em rela\u00e7\u00e3o \u00e0 sa\u00fade e \u00e0 necessidade de isolamento social\u201d, afirmou a pesquisadora, em nota.<\/p>\n\n\n\n<p>Em abril, a percep\u00e7\u00e3o dos consumidores sobre o momento atual ficou est\u00e1vel ap\u00f3s atingir o m\u00ednimo da s\u00e9rie em mar\u00e7o enquanto as expectativas tornaram-se menos pessimistas para os pr\u00f3ximos meses. O \u00cdndice de Situa\u00e7\u00e3o Atual subiu 0,5 ponto, para 64,5 pontos, enquanto o \u00cdndice de Expectativas cresceu 6,7 pontos, para 79,2 pontos, recuperando 54% da perda sofrida em mar\u00e7o.<\/p>\n\n\n\n<p>Com rela\u00e7\u00e3o \u00e0s expectativas, o indicador que mede as perspectivas para a economia nos pr\u00f3ximos meses foi o que mais contribuiu para o aumento da confian\u00e7a em abril ao subir 8,6 pontos, para 100,7 pontos. Segundo o levantamento, o resultado positivo, no entanto, n\u00e3o recuperou todas as perdas sofridas no m\u00eas anterior.<\/p>\n\n\n\n<p>As perspectivas em rela\u00e7\u00e3o \u00e0 situa\u00e7\u00e3o financeira das fam\u00edlias nos pr\u00f3ximos meses tamb\u00e9m se recuperaram mas em menor magnitude. O indicador que mede o otimismo em rela\u00e7\u00e3o \u00e0s finan\u00e7as pessoais subiu 4,1 pontos para 86,4 pontos.<\/p>\n\n\n\n<p>J\u00e1 o indicador que mede o \u00edmpeto para compras subiu 6,5 pontos, para 53,1 pontos, patamar baixo quando comparado aos n\u00edveis pr\u00e9-pandemia de covid-19. Entre janeiro de 2018 e fevereiro de 2020, o valor m\u00e9dio do indicador para compras previstas de dur\u00e1veis foi de 82,7 pontos.<\/p>\n\n\n\n<p>Edi\u00e7\u00e3o: Val\u00e9ria Aguiar<\/p>\n","protected":false},"excerpt":{"rendered":"<p>Indice representa recupera\u00e7\u00e3o de 72,5 pontos referente a mar\u00e7o Por Ana Cristina Campos \u2013 Rep\u00f3rter<\/p>\n","protected":false},"author":2,"featured_media":13609,"comment_status":"open","ping_status":"open","sticky":false,"template":"","format":"standard","meta":{"footnotes":""},"categories":[17],"tags":[],"class_list":["post-13608","post","type-post","status-publish","format-standard","has-post-thumbnail","hentry","category-outras-noticias"],"_links":{"self":[{"href":"https:\/\/tvc16.com\/portal\/wp-json\/wp\/v2\/posts\/13608","targetHints":{"allow":["GET"]}}],"collection":[{"href":"https:\/\/tvc16.com\/portal\/wp-json\/wp\/v2\/posts"}],"about":[{"href":"https:\/\/tvc16.com\/portal\/wp-json\/wp\/v2\/types\/post"}],"author":[{"embeddable":true,"href":"https:\/\/tvc16.com\/portal\/wp-json\/wp\/v2\/users\/2"}],"replies":[{"embeddable":true,"href":"https:\/\/tvc16.com\/portal\/wp-json\/wp\/v2\/comments?post=13608"}],"version-history":[{"count":1,"href":"https:\/\/tvc16.com\/portal\/wp-json\/wp\/v2\/posts\/13608\/revisions"}],"predecessor-version":[{"id":13610,"href":"https:\/\/tvc16.com\/portal\/wp-json\/wp\/v2\/posts\/13608\/revisions\/13610"}],"wp:featuredmedia":[{"embeddable":true,"href":"https:\/\/tvc16.com\/portal\/wp-json\/wp\/v2\/media\/13609"}],"wp:attachment":[{"href":"https:\/\/tvc16.com\/portal\/wp-json\/wp\/v2\/media?parent=13608"}],"wp:term":[{"taxonomy":"category","embeddable":true,"href":"https:\/\/tvc16.com\/portal\/wp-json\/wp\/v2\/categories?post=13608"},{"taxonomy":"post_tag","embeddable":true,"href":"https:\/\/tvc16.com\/portal\/wp-json\/wp\/v2\/tags?post=13608"}],"curies":[{"name":"wp","href":"https:\/\/api.w.org\/{rel}","templated":true}]}}