{"id":13612,"date":"2021-04-28T11:29:35","date_gmt":"2021-04-28T14:29:35","guid":{"rendered":"https:\/\/tvc16.com\/portal\/?p=13612"},"modified":"2021-04-28T11:29:37","modified_gmt":"2021-04-28T14:29:37","slug":"queiroga-faz-pronunciamento-apos-reuniao-do-comite-da-covid-19","status":"publish","type":"post","link":"https:\/\/tvc16.com\/portal\/2021\/04\/28\/queiroga-faz-pronunciamento-apos-reuniao-do-comite-da-covid-19\/","title":{"rendered":"Queiroga faz pronunciamento ap\u00f3s reuni\u00e3o do comit\u00ea da covid-19"},"content":{"rendered":"\n<h3 class=\"wp-block-heading\">Confira o pronunciamento do ministro da Sa\u00fade<\/h3>\n\n\n\n<h4 class=\"wp-block-heading\">Por Ag\u00eancia Brasil &#8211; Bras\u00edlia<\/h4>\n\n\n\n<p>O ministro da Sa\u00fade, Marcelo Queiroga, fez hoje (28) um pronunciamento, ap\u00f3s a 3\u00aa Reuni\u00e3o do Comit\u00ea de Coordena\u00e7\u00e3o Nacional para Enfrentamento da Pandemia da Covid-19.<img decoding=\"async\" src=\"https:\/\/agenciabrasil.ebc.com.br\/ebc.png?id=1408030&amp;o=node\"><img decoding=\"async\" src=\"https:\/\/agenciabrasil.ebc.com.br\/ebc.gif?id=1408030&amp;o=node\"><\/p>\n\n\n\n<h2 class=\"wp-block-heading\">Confira o pronunciamento:<\/h2>\n\n\n\n<figure class=\"wp-block-embed is-type-rich is-provider-incorporar-manipulador wp-block-embed-incorporar-manipulador wp-embed-aspect-16-9 wp-has-aspect-ratio\"><div class=\"wp-block-embed__wrapper\">\n<iframe loading=\"lazy\" title=\"#AoVivo:  Coletiva de Imprensa no Pal\u00e1cio do Planalto\" width=\"640\" height=\"360\" src=\"https:\/\/www.youtube.com\/embed\/3MdW8zwJKLc?feature=oembed\" frameborder=\"0\" allow=\"accelerometer; autoplay; clipboard-write; encrypted-media; gyroscope; picture-in-picture; web-share\" referrerpolicy=\"strict-origin-when-cross-origin\" allowfullscreen><\/iframe>\n<\/div><\/figure>\n\n\n\n<p>O comit\u00ea \u00e9 composto pelos presidentes da Rep\u00fablica, Jair Bolsonaro, do Senado Federal,&nbsp;Rodrigo Pacheco, e da C\u00e2mara dos Deputados,&nbsp;Arthur Lira, e, na condi\u00e7\u00e3o de observador, por um representante do Judici\u00e1rio. Tamb\u00e9m participam a reuni\u00e3o, o ministro da Sa\u00fade e integrantes da equipe t\u00e9cnica do governo.<\/p>\n\n\n\n<p>Edi\u00e7\u00e3o: Kelly Oliveira<\/p>\n","protected":false},"excerpt":{"rendered":"<p>Confira o pronunciamento do ministro da Sa\u00fade Por Ag\u00eancia Brasil &#8211; Bras\u00edlia O ministro da<\/p>\n","protected":false},"author":2,"featured_media":13614,"comment_status":"open","ping_status":"open","sticky":false,"template":"","format":"standard","meta":{"footnotes":""},"categories":[17],"tags":[],"class_list":["post-13612","post","type-post","status-publish","format-standard","has-post-thumbnail","hentry","category-outras-noticias"],"_links":{"self":[{"href":"https:\/\/tvc16.com\/portal\/wp-json\/wp\/v2\/posts\/13612","targetHints":{"allow":["GET"]}}],"collection":[{"href":"https:\/\/tvc16.com\/portal\/wp-json\/wp\/v2\/posts"}],"about":[{"href":"https:\/\/tvc16.com\/portal\/wp-json\/wp\/v2\/types\/post"}],"author":[{"embeddable":true,"href":"https:\/\/tvc16.com\/portal\/wp-json\/wp\/v2\/users\/2"}],"replies":[{"embeddable":true,"href":"https:\/\/tvc16.com\/portal\/wp-json\/wp\/v2\/comments?post=13612"}],"version-history":[{"count":1,"href":"https:\/\/tvc16.com\/portal\/wp-json\/wp\/v2\/posts\/13612\/revisions"}],"predecessor-version":[{"id":13615,"href":"https:\/\/tvc16.com\/portal\/wp-json\/wp\/v2\/posts\/13612\/revisions\/13615"}],"wp:featuredmedia":[{"embeddable":true,"href":"https:\/\/tvc16.com\/portal\/wp-json\/wp\/v2\/media\/13614"}],"wp:attachment":[{"href":"https:\/\/tvc16.com\/portal\/wp-json\/wp\/v2\/media?parent=13612"}],"wp:term":[{"taxonomy":"category","embeddable":true,"href":"https:\/\/tvc16.com\/portal\/wp-json\/wp\/v2\/categories?post=13612"},{"taxonomy":"post_tag","embeddable":true,"href":"https:\/\/tvc16.com\/portal\/wp-json\/wp\/v2\/tags?post=13612"}],"curies":[{"name":"wp","href":"https:\/\/api.w.org\/{rel}","templated":true}]}}