{"id":1362,"date":"2020-09-26T18:02:00","date_gmt":"2020-09-26T18:02:00","guid":{"rendered":"https:\/\/tvc16.com\/portal\/?p=1362"},"modified":"2020-09-26T18:02:00","modified_gmt":"2020-09-26T18:02:00","slug":"media-de-mortes-por-covid-19-no-brasil-cai-1035-em-uma-semana","status":"publish","type":"post","link":"https:\/\/tvc16.com\/portal\/2020\/09\/26\/media-de-mortes-por-covid-19-no-brasil-cai-1035-em-uma-semana\/","title":{"rendered":"M\u00e9dia de mortes por covid-19 no Brasil cai 10,35% em uma semana"},"content":{"rendered":"\n<h3 class=\"wp-block-heading\">Dados s\u00e3o da Funda\u00e7\u00e3o Oswaldo Cruz<\/h3>\n\n\n\n<h4 class=\"wp-block-heading\">Por Vitor Abdala &#8211; Rep\u00f3rter da Ag\u00eancia Brasil &#8211; Rio de Janeiro<\/h4>\n\n\n\n<p>A m\u00e9dia di\u00e1ria de mortes por covid-19, de acordo com a m\u00e9dia m\u00f3vel de sete dias, no Brasil chegou a 687,86 casos&nbsp;ontem&nbsp;(25), segundo dados da Funda\u00e7\u00e3o Oswaldo Cruz (Fiocruz). Houve queda de 10,35%, ou 79,23 registros a menos, em rela\u00e7\u00e3o \u00e0&nbsp;sexta-feira anterior (18), quando haviam sido registradas 767,29 mortes.<img decoding=\"async\" src=\"https:\/\/agenciabrasil.ebc.com.br\/ebc.png?id=1389031&amp;o=node\"><img decoding=\"async\" src=\"https:\/\/agenciabrasil.ebc.com.br\/ebc.gif?id=1389031&amp;o=node\"><\/p>\n\n\n\n<p>A m\u00e9dia m\u00f3vel de sete dias \u00e9 calculada somando-se o n\u00famero de mortes nesse intervalo de tempo (o dia de refer\u00eancia mais os seis dias anteriores) e dividindo-se o total por sete. Com isso, \u00e9 poss\u00edvel reduzir o impacto de oscila\u00e7\u00f5es di\u00e1rias.<\/p>\n\n\n\n<p>Esse \u00e9 o menor n\u00famero m\u00e9dio de mortes desde o dia&nbsp;9 de setembro&nbsp;(682,86). O pico de mortes (1.095,14) foi atingido em&nbsp;25 de julho. Desde ent\u00e3o, apresentou tend\u00eancia de queda (com oscila\u00e7\u00f5es e&nbsp;leves altas) at\u00e9 o dia&nbsp;9 de setembro. Depois disso, as mortes voltaram a aumentar at\u00e9 chegarem a 814,57 no \u00faltimo dia 15 e depois ca\u00edram novamente.<\/p>\n\n\n\n<p>A m\u00e9dia di\u00e1ria, de acordo com a m\u00e9dia m\u00f3vel de sete dias, de novos casos \u00e9 de 27.587,86. Tamb\u00e9m aqui h\u00e1 uma tend\u00eancia de queda, mas desde o dia&nbsp;16 de setembro, quando foram registrados 31.374,86 novos casos.<\/p>\n\n\n\n<p>Entre os estados, h\u00e1 aqueles que apresentaram na \u00faltima semana altas e aqueles que apresentaram queda. Entre as quedas, destacam-se Rond\u00f4nia (-46%), Par\u00e1 (-43,34%), Santa Catarina (-26,17%) e Rio Grande do Sul (-20,26%).<\/p>\n\n\n\n<p>Entre as altas ocorridas do dia 18 de setembro at\u00e9&nbsp;ontem&nbsp;aparecem Para\u00edba (17,5%), Sergipe (15,29%), Esp\u00edrito Santo (12,44%). Roraima e Rio Grande do Norte n\u00e3o tiveram seus dados divulgados&nbsp;ontem.<\/p>\n\n\n\n<p>Edi\u00e7\u00e3o: Gra\u00e7a Adjuto<\/p>\n","protected":false},"excerpt":{"rendered":"<p>Dados s\u00e3o da Funda\u00e7\u00e3o Oswaldo Cruz Por Vitor Abdala &#8211; Rep\u00f3rter da Ag\u00eancia Brasil &#8211;<\/p>\n","protected":false},"author":2,"featured_media":1363,"comment_status":"open","ping_status":"open","sticky":false,"template":"","format":"standard","meta":{"footnotes":""},"categories":[13],"tags":[],"class_list":["post-1362","post","type-post","status-publish","format-standard","has-post-thumbnail","hentry","category-saude"],"_links":{"self":[{"href":"https:\/\/tvc16.com\/portal\/wp-json\/wp\/v2\/posts\/1362","targetHints":{"allow":["GET"]}}],"collection":[{"href":"https:\/\/tvc16.com\/portal\/wp-json\/wp\/v2\/posts"}],"about":[{"href":"https:\/\/tvc16.com\/portal\/wp-json\/wp\/v2\/types\/post"}],"author":[{"embeddable":true,"href":"https:\/\/tvc16.com\/portal\/wp-json\/wp\/v2\/users\/2"}],"replies":[{"embeddable":true,"href":"https:\/\/tvc16.com\/portal\/wp-json\/wp\/v2\/comments?post=1362"}],"version-history":[{"count":1,"href":"https:\/\/tvc16.com\/portal\/wp-json\/wp\/v2\/posts\/1362\/revisions"}],"predecessor-version":[{"id":1364,"href":"https:\/\/tvc16.com\/portal\/wp-json\/wp\/v2\/posts\/1362\/revisions\/1364"}],"wp:featuredmedia":[{"embeddable":true,"href":"https:\/\/tvc16.com\/portal\/wp-json\/wp\/v2\/media\/1363"}],"wp:attachment":[{"href":"https:\/\/tvc16.com\/portal\/wp-json\/wp\/v2\/media?parent=1362"}],"wp:term":[{"taxonomy":"category","embeddable":true,"href":"https:\/\/tvc16.com\/portal\/wp-json\/wp\/v2\/categories?post=1362"},{"taxonomy":"post_tag","embeddable":true,"href":"https:\/\/tvc16.com\/portal\/wp-json\/wp\/v2\/tags?post=1362"}],"curies":[{"name":"wp","href":"https:\/\/api.w.org\/{rel}","templated":true}]}}