{"id":13622,"date":"2021-04-28T11:32:39","date_gmt":"2021-04-28T14:32:39","guid":{"rendered":"https:\/\/tvc16.com\/portal\/?p=13622"},"modified":"2021-04-28T11:32:41","modified_gmt":"2021-04-28T14:32:41","slug":"portugal-suspende-estado-de-emergencia-por-covid-19-na-sexta-feira","status":"publish","type":"post","link":"https:\/\/tvc16.com\/portal\/2021\/04\/28\/portugal-suspende-estado-de-emergencia-por-covid-19-na-sexta-feira\/","title":{"rendered":"Portugal suspende estado de emerg\u00eancia por covid-19 na sexta-feira"},"content":{"rendered":"\n<h3 class=\"wp-block-heading\">Pa\u00eds registra queda brusca do n\u00famero de infec\u00e7\u00f5es<\/h3>\n\n\n\n<h4 class=\"wp-block-heading\">Por Catarina Demony e Sergio Gon\u00e7alves &#8211; Rep\u00f3rteres da Reuters &#8211; Lisboa<\/h4>\n\n\n\n<p>O estado de emerg\u00eancia decretado em Portugal no maior n\u00edvel de alerta por causa&nbsp;do novo coronav\u00edrus termina&nbsp;sexta-feira (30), anunciou o presidente Marcelo Rebelo de Sousa, em meio a uma queda brusca do n\u00famero de infec\u00e7\u00f5es e preparativos para afrouxar um r\u00edgido&nbsp;<em>lockdown<\/em>&nbsp;imposto h\u00e1 mais de tr\u00eas meses.<img decoding=\"async\" src=\"https:\/\/agenciabrasil.ebc.com.br\/ebc.png?id=1408016&amp;o=node\"><img decoding=\"async\" src=\"https:\/\/agenciabrasil.ebc.com.br\/ebc.gif?id=1408016&amp;o=node\"><\/p>\n\n\n\n<p>Declarado em meados de janeiro para combater o que era ent\u00e3o a pior alta do planeta em n\u00famero de infec\u00e7\u00f5es, o estado de emerg\u00eancia&nbsp;permite que o governo imponha medidas duras para suspender direitos e liberdades da popula\u00e7\u00e3o.&nbsp;<\/p>\n\n\n\n<p>&#8220;Sem o estado de emerg\u00eancia, \u00e9 necess\u00e1rio manter ou adotar todas as medidas essenciais para evitar retrocessos&#8221;, disse o presidente, em pronunciamento transmitido pelo r\u00e1dio e a televis\u00e3o nessa nesta ter\u00e7a-feira(27). &#8220;Se for necess\u00e1rio, eu n\u00e3o hesitarei em declarar novo estado de emerg\u00eancia&#8221;, acrescentou.<\/p>\n\n\n\n<p>Portugal far\u00e1 a transi\u00e7\u00e3o para o estado de &#8220;calamidade&#8221;, que permite que o governo imponha algumas medidas para reduzir o risco de cont\u00e1gio, mas as regras que podem ser decretadas s\u00e3o mais limitadas e precisam ser justificadas.&nbsp;<\/p>\n\n\n\n<p>Portugal, que tem mais de 10 milh\u00f5es de habitantes, registrou um total de 16.970 mortes pela covid-19. O n\u00famero total de casos da doen\u00e7a&nbsp;\u00e9 de 834.991, 353 a mais do que notificado&nbsp;um dia antes.&nbsp;<\/p>\n\n\n\n<p>Na \u00faltima segunda-feira (26), o pa\u00eds n\u00e3o registrou nenhuma morte relacionada ao novo coronav\u00edrus pela primeira vez desde agosto.<\/p>\n","protected":false},"excerpt":{"rendered":"<p>Pa\u00eds registra queda brusca do n\u00famero de infec\u00e7\u00f5es Por Catarina Demony e Sergio Gon\u00e7alves &#8211;<\/p>\n","protected":false},"author":2,"featured_media":13623,"comment_status":"open","ping_status":"open","sticky":false,"template":"","format":"standard","meta":{"footnotes":""},"categories":[17],"tags":[],"class_list":["post-13622","post","type-post","status-publish","format-standard","has-post-thumbnail","hentry","category-outras-noticias"],"_links":{"self":[{"href":"https:\/\/tvc16.com\/portal\/wp-json\/wp\/v2\/posts\/13622","targetHints":{"allow":["GET"]}}],"collection":[{"href":"https:\/\/tvc16.com\/portal\/wp-json\/wp\/v2\/posts"}],"about":[{"href":"https:\/\/tvc16.com\/portal\/wp-json\/wp\/v2\/types\/post"}],"author":[{"embeddable":true,"href":"https:\/\/tvc16.com\/portal\/wp-json\/wp\/v2\/users\/2"}],"replies":[{"embeddable":true,"href":"https:\/\/tvc16.com\/portal\/wp-json\/wp\/v2\/comments?post=13622"}],"version-history":[{"count":1,"href":"https:\/\/tvc16.com\/portal\/wp-json\/wp\/v2\/posts\/13622\/revisions"}],"predecessor-version":[{"id":13624,"href":"https:\/\/tvc16.com\/portal\/wp-json\/wp\/v2\/posts\/13622\/revisions\/13624"}],"wp:featuredmedia":[{"embeddable":true,"href":"https:\/\/tvc16.com\/portal\/wp-json\/wp\/v2\/media\/13623"}],"wp:attachment":[{"href":"https:\/\/tvc16.com\/portal\/wp-json\/wp\/v2\/media?parent=13622"}],"wp:term":[{"taxonomy":"category","embeddable":true,"href":"https:\/\/tvc16.com\/portal\/wp-json\/wp\/v2\/categories?post=13622"},{"taxonomy":"post_tag","embeddable":true,"href":"https:\/\/tvc16.com\/portal\/wp-json\/wp\/v2\/tags?post=13622"}],"curies":[{"name":"wp","href":"https:\/\/api.w.org\/{rel}","templated":true}]}}