{"id":13640,"date":"2021-04-28T17:45:16","date_gmt":"2021-04-28T20:45:16","guid":{"rendered":"https:\/\/tvc16.com\/portal\/?p=13640"},"modified":"2021-04-28T17:45:17","modified_gmt":"2021-04-28T20:45:17","slug":"vacinacao-contra-a-covid-19-prefeitura-abre-na-proxima-semana-cadastro-para-pessoas-com-comorbidades-e-profissionais-da-educacao","status":"publish","type":"post","link":"https:\/\/tvc16.com\/portal\/2021\/04\/28\/vacinacao-contra-a-covid-19-prefeitura-abre-na-proxima-semana-cadastro-para-pessoas-com-comorbidades-e-profissionais-da-educacao\/","title":{"rendered":"Vacina\u00e7\u00e3o contra a covid-19: Prefeitura abre na pr\u00f3xima semana cadastro para pessoas com comorbidades e profissionais da Educa\u00e7\u00e3o"},"content":{"rendered":"\n<p>Planejamento tamb\u00e9m inclui trabalhadores da limpeza urbana e transporte coletivo (cobradores e motoristas)<\/p>\n\n\n\n<p>Gestantes e pu\u00e9rperas, portadores de S\u00edndrome de Down e renais cr\u00f4nicos em di\u00e1lise tamb\u00e9m come\u00e7ar\u00e3o a ser vacinados<\/p>\n\n\n\n<p>Pessoas com comorbidades (conforme o Plano Nacional de Imuniza\u00e7\u00e3o), profissionais da Educa\u00e7\u00e3o, limpeza urbana e transporte coletivo (cobradores e motoristas) come\u00e7am a ser vacinados contra a covid-19 agora em maio. O cadastramento destes p\u00fablicos ser\u00e1 aberto at\u00e9 o fim da pr\u00f3xima semana, em datas que ser\u00e3o anunciadas com a chegada de novas remessas do imunizante.<\/p>\n\n\n\n<p>O planejamento para a amplia\u00e7\u00e3o da vacina\u00e7\u00e3o para estes p\u00fablicos, assim como para gestantes, pu\u00e9rperas (m\u00e3es que tiveram beb\u00ea entre 45 a 60 dias), portadores de S\u00edndrome de Down, pacientes com doen\u00e7a renal cr\u00f4nica dial\u00edtica, pessoas com defici\u00eancia permanente cadastradas no BPC, com idade entre 55 e 59 nos, foi discutido em reuni\u00e3o na tarde de segunda-feira (26.04) entre o secret\u00e1rio de Sa\u00fade Aloisio Barbosa, e equipes da Vigil\u00e2ncia em Sa\u00fade, da Aten\u00e7\u00e3o B\u00e1sica e do setor de planejamento da Secretaria de Sa\u00fade.<\/p>\n\n\n\n<p>\u201cEstamos trabalhando com responsabilidade na vacina\u00e7\u00e3o da popula\u00e7\u00e3o. A campanha est\u00e1 avan\u00e7ando conforme a chegada de novas doses da vacina, o que garantiu que a cidade n\u00e3o suspendesse os trabalhos em nenhum momento. Todo o planejamento est\u00e1 pronto e, agora, s\u00f3 dependemos da chegada de novas remessas da vacina para primeira dose. Importante lembrar que, ao mesmo tempo em que estamos trabalhando na amplia\u00e7\u00e3o da campanha de vacina\u00e7\u00e3o, estamos garantindo a segunda dose daqueles que j\u00e1 tomaram a vacina. Todos os lotes que recebemos para segunda dose foram reservados. N\u00e3o utilizamos, em nenhum momento, os lotes de segunda dose para primeira dose\u201d, explicou o prefeito interino Hingo Hammes.<\/p>\n\n\n\n<p>\u201cTodo o planejamento est\u00e1 sendo feito para ampliarmos a vacina\u00e7\u00e3o de forma organizada, para que possamos alcan\u00e7ar um n\u00famero cada vez maior de pessoas. Mas \u00e9 importante destacar que tudo isso depende da chegada de novos lotes de vacinas. Assim como vem sendo feito com os idosos, a vacina\u00e7\u00e3o de pessoas com comorbidades ser\u00e1 escalonada por idade. Vamos come\u00e7ar com o cadastramento de pessoas com comorbidades entre 58 e 59 anos, j\u00e1 primeira semana de maio\u201d, explica o secret\u00e1rio de Sa\u00fade Aloisio Barbosa.<\/p>\n\n\n\n<p>A Secretaria de Sa\u00fade tamb\u00e9m est\u00e1 estruturando o planejamento para a vacina\u00e7\u00e3o de outros p\u00fablicos inclu\u00eddos na fase 1 do grupo de pessoas com comorbidades.<\/p>\n\n\n\n<p>\u201cVamos iniciar tamb\u00e9m em maio a vacina\u00e7\u00e3o de gestantes e pu\u00e9rperas portadoras de comorbidades, portadores de S\u00edndrome de Down e paciente renais cr\u00f4nicos dependentes de di\u00e1lise. Eles ser\u00e3o vacinados independentemente da idade.\u201d, explica o secret\u00e1rio de Sa\u00fade.<\/p>\n\n\n\n<p>Em paralelo, a Secretaria de Sa\u00fade elabora tamb\u00e9m o in\u00edcio da vacina\u00e7\u00e3o de profissionais de Educa\u00e7\u00e3o, trabalhadores que atuam na limpeza p\u00fablica e no transporte coletivo. Todo planejamento j\u00e1 foi feito para que a amplia\u00e7\u00e3o para outros p\u00fablicos seja feita a partir da chegada de novos lotes de vacinas.<\/p>\n","protected":false},"excerpt":{"rendered":"<p>Planejamento tamb\u00e9m inclui trabalhadores da limpeza urbana e transporte coletivo (cobradores e motoristas) Gestantes e<\/p>\n","protected":false},"author":2,"featured_media":13404,"comment_status":"open","ping_status":"open","sticky":false,"template":"","format":"standard","meta":{"footnotes":""},"categories":[12],"tags":[],"class_list":["post-13640","post","type-post","status-publish","format-standard","has-post-thumbnail","hentry","category-cidade"],"_links":{"self":[{"href":"https:\/\/tvc16.com\/portal\/wp-json\/wp\/v2\/posts\/13640","targetHints":{"allow":["GET"]}}],"collection":[{"href":"https:\/\/tvc16.com\/portal\/wp-json\/wp\/v2\/posts"}],"about":[{"href":"https:\/\/tvc16.com\/portal\/wp-json\/wp\/v2\/types\/post"}],"author":[{"embeddable":true,"href":"https:\/\/tvc16.com\/portal\/wp-json\/wp\/v2\/users\/2"}],"replies":[{"embeddable":true,"href":"https:\/\/tvc16.com\/portal\/wp-json\/wp\/v2\/comments?post=13640"}],"version-history":[{"count":1,"href":"https:\/\/tvc16.com\/portal\/wp-json\/wp\/v2\/posts\/13640\/revisions"}],"predecessor-version":[{"id":13641,"href":"https:\/\/tvc16.com\/portal\/wp-json\/wp\/v2\/posts\/13640\/revisions\/13641"}],"wp:featuredmedia":[{"embeddable":true,"href":"https:\/\/tvc16.com\/portal\/wp-json\/wp\/v2\/media\/13404"}],"wp:attachment":[{"href":"https:\/\/tvc16.com\/portal\/wp-json\/wp\/v2\/media?parent=13640"}],"wp:term":[{"taxonomy":"category","embeddable":true,"href":"https:\/\/tvc16.com\/portal\/wp-json\/wp\/v2\/categories?post=13640"},{"taxonomy":"post_tag","embeddable":true,"href":"https:\/\/tvc16.com\/portal\/wp-json\/wp\/v2\/tags?post=13640"}],"curies":[{"name":"wp","href":"https:\/\/api.w.org\/{rel}","templated":true}]}}