{"id":13642,"date":"2021-04-28T17:47:12","date_gmt":"2021-04-28T20:47:12","guid":{"rendered":"https:\/\/tvc16.com\/portal\/?p=13642"},"modified":"2021-04-28T17:47:15","modified_gmt":"2021-04-28T20:47:15","slug":"morre-de-covid-19-pe-veraldo-paroco-de-sao-sebastiao-no-carangola","status":"publish","type":"post","link":"https:\/\/tvc16.com\/portal\/2021\/04\/28\/morre-de-covid-19-pe-veraldo-paroco-de-sao-sebastiao-no-carangola\/","title":{"rendered":"Morre de covid-19 Pe. Veraldo, p\u00e1roco de S\u00e3o Sebasti\u00e3o no Carangola"},"content":{"rendered":"\n<p>Depois de ficar por cerca de oito dias internado no Hospital Unimed, Padre Carlos Veraldo Pereira, 57 anos, P\u00e1roco de S\u00e3o Sebasti\u00e3o no Carangola, Petr\u00f3polis, morreu hoje (28), devido a complica\u00e7\u00f5es do Covid-19. O bispo da Diocese de Petr\u00f3polis, Dom Greg\u00f3rio Paix\u00e3o, OSB, lamentou a morte do Padre Veraldo, afirmando que ele era um sacerdote dedicado e sempre atendo as necessidades do povo.<\/p>\n\n\n\n<p>O sepultamento do Padre Carlos Veraldo ser\u00e1 realizado amanh\u00e3 de manh\u00e3 (29), e vai seguir todos os protocolos sanit\u00e1rios, conforme orienta\u00e7\u00e3o das autoridades de sa\u00fade. N\u00e3o vai ter vel\u00f3rio e o sepultamento ser\u00e1 acompanhado, seguindo os protocolos, apenas pelo bispo diocesano, alguns sacerdotes e familiares. Ele \u00e9 o primeiro sacerdote da Diocese de Petr\u00f3polis a morrer v\u00edtima do Covid-19. Outros padres tiveram o v\u00edrus e ainda est\u00e3o em recupera\u00e7\u00e3o e outros est\u00e3o totalmente curados, assim como Dom Greg\u00f3rio Paix\u00e3o.<\/p>\n\n\n\n<p>Padre Carlos Veraldo nasceu em 28 de agosto de 1963, em Santana do Deserto, Minas Gerais. Com o desejo de ser sacerdote entrou para o Semin\u00e1rio Diocesano Nossa Senhora do Amor Divino, onde cursou o ensino m\u00e9dio e, ap\u00f3s conclus\u00e3o, deu in\u00edcio aos estudos de Filosofia e Teologia. A sua ordena\u00e7\u00e3o sacerdotal aconteceu em 10 de dezembro de 2000, na Catedral S\u00e3o Pedro de Alc\u00e2ntara.<\/p>\n\n\n\n<p>Durante o seu minist\u00e9rio sacerdotal, Padre Veraldo ficou conhecido como um padre acolhedor e simples, por\u00e9m, firme no testemunho de Cristo. Como padre iniciou seu minist\u00e9rio na Par\u00f3quia Nossa Senhora da Concei\u00e7\u00e3o, Raiz da Serra como Vig\u00e1rio Paroquial. O mesmo cargo exerceu na Par\u00f3quia Nossa Senhora da Ajuda, em Guapimirim.<\/p>\n\n\n\n<p>Como Vig\u00e1rio Paroquial de Guapimirim, contribuiu muito para forma\u00e7\u00e3o e cria\u00e7\u00e3o da Par\u00f3quia Nossa Senhora Aparecida em Parada Modelo, neste munic\u00edpio. Ao ser transferido para Par\u00f3quia Nossa Senhora da Concei\u00e7\u00e3o em Venda Nova, Teres\u00f3polis, assumiu o cargo de P\u00e1roco no dia 21 de janeiro de 2009, ficando nesta comunidade at\u00e9 sua transfer\u00eancia para a Par\u00f3quia S\u00e3o Sebasti\u00e3o do Carangola, em Petr\u00f3polis, onde assumiu o cargo de P\u00e1roco no dia 16 de mar\u00e7o de 2019.<\/p>\n\n\n\n<p>Em todas as comunidades por onde passou, desde o tempo de semin\u00e1rio, o seu carisma sempre foi a simplicidade e o seguimento de Cristo. As dificuldades nunca foram empecilho para que, como sacerdote, testemunhasse o amor de Jesus Cristo entre os irm\u00e3os. Mesmo diante da pandemia causada pelo Covid-19 e com as recomenda\u00e7\u00f5es para tomar cuidado, nunca deixou de assistir os carentes e de levar Cristo aos irm\u00e3os.<\/p>\n","protected":false},"excerpt":{"rendered":"<p>Depois de ficar por cerca de oito dias internado no Hospital Unimed, Padre Carlos Veraldo<\/p>\n","protected":false},"author":2,"featured_media":13643,"comment_status":"open","ping_status":"open","sticky":false,"template":"","format":"standard","meta":{"footnotes":""},"categories":[12],"tags":[],"class_list":["post-13642","post","type-post","status-publish","format-standard","has-post-thumbnail","hentry","category-cidade"],"_links":{"self":[{"href":"https:\/\/tvc16.com\/portal\/wp-json\/wp\/v2\/posts\/13642","targetHints":{"allow":["GET"]}}],"collection":[{"href":"https:\/\/tvc16.com\/portal\/wp-json\/wp\/v2\/posts"}],"about":[{"href":"https:\/\/tvc16.com\/portal\/wp-json\/wp\/v2\/types\/post"}],"author":[{"embeddable":true,"href":"https:\/\/tvc16.com\/portal\/wp-json\/wp\/v2\/users\/2"}],"replies":[{"embeddable":true,"href":"https:\/\/tvc16.com\/portal\/wp-json\/wp\/v2\/comments?post=13642"}],"version-history":[{"count":1,"href":"https:\/\/tvc16.com\/portal\/wp-json\/wp\/v2\/posts\/13642\/revisions"}],"predecessor-version":[{"id":13644,"href":"https:\/\/tvc16.com\/portal\/wp-json\/wp\/v2\/posts\/13642\/revisions\/13644"}],"wp:featuredmedia":[{"embeddable":true,"href":"https:\/\/tvc16.com\/portal\/wp-json\/wp\/v2\/media\/13643"}],"wp:attachment":[{"href":"https:\/\/tvc16.com\/portal\/wp-json\/wp\/v2\/media?parent=13642"}],"wp:term":[{"taxonomy":"category","embeddable":true,"href":"https:\/\/tvc16.com\/portal\/wp-json\/wp\/v2\/categories?post=13642"},{"taxonomy":"post_tag","embeddable":true,"href":"https:\/\/tvc16.com\/portal\/wp-json\/wp\/v2\/tags?post=13642"}],"curies":[{"name":"wp","href":"https:\/\/api.w.org\/{rel}","templated":true}]}}