{"id":13648,"date":"2021-04-28T21:47:29","date_gmt":"2021-04-29T00:47:29","guid":{"rendered":"https:\/\/tvc16.com\/portal\/?p=13648"},"modified":"2021-04-28T21:47:31","modified_gmt":"2021-04-29T00:47:31","slug":"prefeitura-autoriza-retomada-gradual-das-aulas-no-modelo-hibrido-a-partir-de-3-de-maio","status":"publish","type":"post","link":"https:\/\/tvc16.com\/portal\/2021\/04\/28\/prefeitura-autoriza-retomada-gradual-das-aulas-no-modelo-hibrido-a-partir-de-3-de-maio\/","title":{"rendered":"Prefeitura autoriza retomada gradual das aulas no modelo h\u00edbrido a partir de 3 de maio"},"content":{"rendered":"\n<p><em>Retorno do aluno, tanto na rede p\u00fablica quanto na rede privada, \u00e9 opcional<\/em><\/p>\n\n\n\n<p>A Prefeitura de Petr\u00f3polis autorizou a retomada gradual das aulas, no modelo h\u00edbrido (com aulas presenciais e online), a partir do dia 3 de maio. Decreto municipal que ser\u00e1 publicado no Di\u00e1rio Oficial desta quarta-feira (28) prev\u00ea a reabertura das escolas de forma escalonada, come\u00e7ando, na rede municipal, pelo 3\u00ba ano do Ensino M\u00e9dio. o an\u00fancio veio ap\u00f3s uma manifesta\u00e7\u00e3o realizada hoje (28) em frente a prefeitura, por parte parte do Movimento Escolas Abertas, organizado por pais de alunos de escolas particulares e diretores. Eles pediram a volta das aulas presenciais.<\/p>\n\n\n\n<p>Na rede privada, al\u00e9m do 3\u00ba ano do Ensino M\u00e9dio, ser\u00e3o liberadas turmas de alfabetiza\u00e7\u00e3o, do 1\u00ba ano do Ensino Fundamental. A carga hor\u00e1ria das aulas presenciais ser\u00e1 reduzida e, nas salas de aula, ser\u00e1 obrigat\u00f3rio respeitar o distanciamento de 1,5 metro entre os estudantes, ficando limitada a ocupa\u00e7\u00e3o ao m\u00e1ximo de 50% do n\u00famero de alunos.<\/p>\n\n\n\n<p>A reabertura das unidades de ensino \u00e9 opcional (no caso da rede privada) e as escolas que optarem pelo ensino h\u00edbrido devem assegurar aos pais e\/ou respons\u00e1veis o direito de manterem o aluno apenas com aulas remotas, se essa for sua op\u00e7\u00e3o. \u201c\u00c9 importante darmos este passo com calma e responsabilidade. Este processo ser\u00e1 executado com monitoramento constante\u201d, frisa o prefeito interino Hingo Hammes.<\/p>\n\n\n\n<p>A retomada das aulas ser\u00e1 gradual, respeitando calend\u00e1rio que prev\u00ea intervalos de no m\u00ednimo uma semana entre cada etapa da flexibiliza\u00e7\u00e3o. No caso da rede municipal, onde as aulas ser\u00e3o iniciadas pelo Liceu Municipal Cordolino Ambr\u00f3sio, a reabertura come\u00e7a pelo 3\u00ba ano do Ensino M\u00e9dio e avan\u00e7a para o 2\u00ba ano do Ensino M\u00e9dio ap\u00f3s 15 dias. A previs\u00e3o \u00e9 que sete dias depois seja autorizado o in\u00edcio das aulas para turmas do 1\u00ba ano do Ensino M\u00e9dio. Ap\u00f3s esta fase ser\u00e3o iniciadas as etapas de flexibiliza\u00e7\u00e3o para turmas do Ensino Fundamental e Educa\u00e7\u00e3o de Jovens e Adultos e, posteriormente, Educa\u00e7\u00e3o Infantil.<\/p>\n\n\n\n<p>Na rede privada a retomada ser\u00e1 feita tamb\u00e9m de forma escalonada, come\u00e7ando, na pr\u00f3xima semana, para turmas do 3\u00ba ano do Ensino M\u00e9dio e 1\u00ba ano do Ensino Fundamental. A partir da\u00ed, a flexibiliza\u00e7\u00e3o ser\u00e1 semanal, com libera\u00e7\u00e3o de duas s\u00e9ries em cada etapa: 2\u00ba ano do Ensino M\u00e9dio e 2\u00ba ano do Ensino Fundamental na semana 2 (iniciada no dia 10\/05); 1\u00ba ano do Ensino M\u00e9dio e 3\u00ba ano do Ensino Fundamental na semana 3 (iniciada em 17\/5); 4\u00ba ano e 9\u00ba ano do Ensino Fundamental na semana 4 (iniciada no dia 24\/5); 5\u00ba ano e 8\u00ba ano do Ensino Fundamental na semana 5 (iniciada no dia 31\/5); e 6\u00ba ano e 7\u00ba ano do Ensino Fundamental na semana 6 (iniciada no dia 7\/6). A Educa\u00e7\u00e3o Infantil ser\u00e1 autorizada a iniciar o per\u00edodo de adapta\u00e7\u00e3o, com atendimento individual, na semana 3, e dever\u00e1 ser autorizada a funcionar, respeitando a mesma limita\u00e7\u00e3o de alunos imposta \u00e0s demais s\u00e9ries, na semana 7 (iniciada no dia 14).<\/p>\n\n\n\n<p><em>Escola Segura<\/em><\/p>\n\n\n\n<p>Para iniciarem as aulas no modelo h\u00edbrido, as escolas \u2013 tanto p\u00fablicas quanto privadas \u2013 precisam ter o Selo Escola Segura, demonstrando que est\u00e3o preparadas para o retorno e cumprindo requisitos apontados pela Vigil\u00e2ncia Sanit\u00e1ria (o check list foi aprovado pelo Conselho Municipal de Educa\u00e7\u00e3o e pelo grupo de trabalho que elaborou o plano de retorno das atividades presenciais na rede municipal).<\/p>\n\n\n\n<p>At\u00e9 o momento, 26 unidades j\u00e1 foram visitadas por integrantes da comiss\u00e3o \u2013 sempre acompanhados por um servidor da Secretaria de Educa\u00e7\u00e3o, um integrante do Comed\/GT e um fiscal da Vigil\u00e2ncia Sanit\u00e1ria. Noventa por cento delas est\u00e3o aptas a iniciarem as aulas h\u00edbridas, com todas as demarca\u00e7\u00f5es, distanciamento, estrutura e EPIs necess\u00e1rios.<\/p>\n\n\n\n<p>Escolas que ainda n\u00e3o solicitaram a vistoria devem entrar em contato com a Secretaria Municipal de Educa\u00e7\u00e3o pelo e-mail seesupervisao@gmail.com ou pelo telefone 2246-8675.<\/p>\n","protected":false},"excerpt":{"rendered":"<p>Retorno do aluno, tanto na rede p\u00fablica quanto na rede privada, \u00e9 opcional A Prefeitura<\/p>\n","protected":false},"author":2,"featured_media":13649,"comment_status":"open","ping_status":"open","sticky":false,"template":"","format":"standard","meta":{"footnotes":""},"categories":[12],"tags":[],"class_list":["post-13648","post","type-post","status-publish","format-standard","has-post-thumbnail","hentry","category-cidade"],"_links":{"self":[{"href":"https:\/\/tvc16.com\/portal\/wp-json\/wp\/v2\/posts\/13648","targetHints":{"allow":["GET"]}}],"collection":[{"href":"https:\/\/tvc16.com\/portal\/wp-json\/wp\/v2\/posts"}],"about":[{"href":"https:\/\/tvc16.com\/portal\/wp-json\/wp\/v2\/types\/post"}],"author":[{"embeddable":true,"href":"https:\/\/tvc16.com\/portal\/wp-json\/wp\/v2\/users\/2"}],"replies":[{"embeddable":true,"href":"https:\/\/tvc16.com\/portal\/wp-json\/wp\/v2\/comments?post=13648"}],"version-history":[{"count":1,"href":"https:\/\/tvc16.com\/portal\/wp-json\/wp\/v2\/posts\/13648\/revisions"}],"predecessor-version":[{"id":13650,"href":"https:\/\/tvc16.com\/portal\/wp-json\/wp\/v2\/posts\/13648\/revisions\/13650"}],"wp:featuredmedia":[{"embeddable":true,"href":"https:\/\/tvc16.com\/portal\/wp-json\/wp\/v2\/media\/13649"}],"wp:attachment":[{"href":"https:\/\/tvc16.com\/portal\/wp-json\/wp\/v2\/media?parent=13648"}],"wp:term":[{"taxonomy":"category","embeddable":true,"href":"https:\/\/tvc16.com\/portal\/wp-json\/wp\/v2\/categories?post=13648"},{"taxonomy":"post_tag","embeddable":true,"href":"https:\/\/tvc16.com\/portal\/wp-json\/wp\/v2\/tags?post=13648"}],"curies":[{"name":"wp","href":"https:\/\/api.w.org\/{rel}","templated":true}]}}