{"id":1365,"date":"2020-09-26T18:24:08","date_gmt":"2020-09-26T18:24:08","guid":{"rendered":"https:\/\/tvc16.com\/portal\/?p=1365"},"modified":"2020-09-26T18:24:08","modified_gmt":"2020-09-26T18:24:08","slug":"pandemia-ja-causou-despesas-de-r-411-bilhoes-para-o-governo","status":"publish","type":"post","link":"https:\/\/tvc16.com\/portal\/2020\/09\/26\/pandemia-ja-causou-despesas-de-r-411-bilhoes-para-o-governo\/","title":{"rendered":"Pandemia j\u00e1 causou despesas de R$ 411 bilh\u00f5es para o governo"},"content":{"rendered":"\n<p>De acordo com o <a href=\"http:\/\/www9.senado.gov.br\/QvAJAXZfc\/opendoc.htm?document=senado%2Fsigabrasilpainelcidadao.qvw&amp;host=QVS%40www9&amp;anonymous=true&amp;Sheet=shOrcamentoVisaoGeral\">Painel Cidad\u00e3o do Siga Brasil<\/a>, ferramenta para acompanhar a execu\u00e7\u00e3o do or\u00e7amento brasileiro, o governo federal j\u00e1 pagou R$ 411,83 bilh\u00f5es em 2020 em despesas ligadas diretamente ao combate ao coronav\u00edrus e \u00e0s consequ\u00eancias sociais e econ\u00f4micas da pandemia. Desse total, mais da metade foi destinada para pagar o aux\u00edlio emergencial para mais de 60 milh\u00f5es de pessoas: R$ 213,02 bilh\u00f5es.<\/p>\n\n\n\n<p>O aux\u00edlio emergencial acabou ficando em cinco parcelas de R$ 600, contra as tr\u00eas inicialmente previstas. Tamb\u00e9m j\u00e1 houve a prorroga\u00e7\u00e3o da ajuda por mais quatro meses, mas no valor de R$ 300. Nas \u00faltimas semanas, muitos senadores v\u00eam se manifestando em defesa da prorroga\u00e7\u00e3o do aux\u00edlio no valor de R$ 600 at\u00e9 o fim do ano, pelo menos, para que as fam\u00edlias consigam superar os impactos da pandemia mais facilmente.<\/p>\n\n\n\n<p>Os senadores do PT Rog\u00e9rio Carvalho (SE) e Paulo Rocha (PA) falaram \u00e0 <strong>Ag\u00eancia Senado<\/strong> nesta sexta-feira (25). Para eles, o gasto com a pandemia foi em grande parte para programas, projetos e \u00e1reas sociais, tipo de investimento que o PT sempre defendeu.<\/p>\n\n\n\n<p>Para Paulo Rocha, gastos com financiamento de pol\u00edticas p\u00fablicas nas \u00e1reas de sa\u00fade e educa\u00e7\u00e3o, por exemplo, s\u00e3o necess\u00e1rios para ajudar no enfrentamento da pandemia e no cen\u00e1rio p\u00f3s-pandemia. Ele disse apoiar a ideia de transformar o Senado em um grande f\u00f3rum de debates para que o pa\u00eds encontre sa\u00eddas econ\u00f4micas, pol\u00edticas e sociais quando a pandemia acabar. Rog\u00e9rio Carvalho sugeriu que o governo aumente ainda mais os gastos para que o aux\u00edlio emergencial possa ser de R$ 600 at\u00e9 o fim do ano.<\/p>\n\n\n\n<p>\u2014 Os 300 reais n\u00e3o s\u00e3o suficientes para que as fam\u00edlias possam sobreviver at\u00e9 o final de 2020, em plena pandemia ainda \u2014 disse Rog\u00e9rio Carvalho.<\/p>\n\n\n\n<p>O Painel Cidad\u00e3o mostra, em n\u00fameros atualizados, que o total de despesas autorizadas este ano ligadas ao coronav\u00edrus somam R$ 591,87 bilh\u00f5es, sendo que R$ 411,83 bilh\u00f5es j\u00e1 foram efetivamente pagos, ou seja, o dinheiro foi pago pelo governo e foi para o bolso de um cidad\u00e3o que recebeu o aux\u00edlio emergencial, por exemplo, ou foi para um dos estados no aux\u00edlio financeiro emergencial, ou, ainda, foi gasto para comprar m\u00e1scaras, \u00e1lcool em gel, luvas ou respiradores para algum hospital.<\/p>\n\n\n\n<p>O aux\u00edlio financeiro emergencial a estados, Distrito Federal e munic\u00edpios, mostra o Painel Cidad\u00e3o, tem gastos de R$ 62,15 bilh\u00f5es; o programa de manuten\u00e7\u00e3o do emprego e renda tem R$ 24,24 bilh\u00f5es gastos com o benef\u00edcio emergencial para empregados e R$ 17 bilh\u00f5es com financiamento de folhas salariais. Outro exemplo \u00e9 a isen\u00e7\u00e3o dos benefici\u00e1rios da tarifa social de energia el\u00e9trica, entre abril e junho, que consumiu R$ 900 milh\u00f5es.&nbsp;<\/p>\n\n\n\n<p>Fonte: Ag\u00eancia Senado<\/p>\n","protected":false},"excerpt":{"rendered":"<p>De acordo com o Painel Cidad\u00e3o do Siga Brasil, ferramenta para acompanhar a execu\u00e7\u00e3o do<\/p>\n","protected":false},"author":2,"featured_media":1366,"comment_status":"open","ping_status":"open","sticky":false,"template":"","format":"standard","meta":{"footnotes":""},"categories":[18],"tags":[],"class_list":["post-1365","post","type-post","status-publish","format-standard","has-post-thumbnail","hentry","category-economia"],"_links":{"self":[{"href":"https:\/\/tvc16.com\/portal\/wp-json\/wp\/v2\/posts\/1365","targetHints":{"allow":["GET"]}}],"collection":[{"href":"https:\/\/tvc16.com\/portal\/wp-json\/wp\/v2\/posts"}],"about":[{"href":"https:\/\/tvc16.com\/portal\/wp-json\/wp\/v2\/types\/post"}],"author":[{"embeddable":true,"href":"https:\/\/tvc16.com\/portal\/wp-json\/wp\/v2\/users\/2"}],"replies":[{"embeddable":true,"href":"https:\/\/tvc16.com\/portal\/wp-json\/wp\/v2\/comments?post=1365"}],"version-history":[{"count":1,"href":"https:\/\/tvc16.com\/portal\/wp-json\/wp\/v2\/posts\/1365\/revisions"}],"predecessor-version":[{"id":1367,"href":"https:\/\/tvc16.com\/portal\/wp-json\/wp\/v2\/posts\/1365\/revisions\/1367"}],"wp:featuredmedia":[{"embeddable":true,"href":"https:\/\/tvc16.com\/portal\/wp-json\/wp\/v2\/media\/1366"}],"wp:attachment":[{"href":"https:\/\/tvc16.com\/portal\/wp-json\/wp\/v2\/media?parent=1365"}],"wp:term":[{"taxonomy":"category","embeddable":true,"href":"https:\/\/tvc16.com\/portal\/wp-json\/wp\/v2\/categories?post=1365"},{"taxonomy":"post_tag","embeddable":true,"href":"https:\/\/tvc16.com\/portal\/wp-json\/wp\/v2\/tags?post=1365"}],"curies":[{"name":"wp","href":"https:\/\/api.w.org\/{rel}","templated":true}]}}