{"id":13651,"date":"2021-04-28T21:53:07","date_gmt":"2021-04-29T00:53:07","guid":{"rendered":"https:\/\/tvc16.com\/portal\/?p=13651"},"modified":"2021-04-29T12:35:07","modified_gmt":"2021-04-29T15:35:07","slug":"governo-se-reune-com-sociedade-civil-em-busca-de-acoes-integradas-para-retomada-das-atividades-na-cidade","status":"publish","type":"post","link":"https:\/\/tvc16.com\/portal\/2021\/04\/28\/governo-se-reune-com-sociedade-civil-em-busca-de-acoes-integradas-para-retomada-das-atividades-na-cidade\/","title":{"rendered":"Governo se re\u00fane com sociedade civil em busca de a\u00e7\u00f5es integradas para retomada das atividades na cidade"},"content":{"rendered":"\n<p>Representantes de quatro secretarias de governo (Turismo, Cultura, Esporte e Desenvolvimento Econ\u00f4mico) representaram o prefeito interino Hingo Hammes em reuni\u00e3o com representantes da sociedade civil nesta ter\u00e7a-feira (27\/4), na sede da Firjan, com o objetivo de ouvir as demandas dos diversos setores da economia petropolitana, tendo por objetivo iniciar um planejamento estrat\u00e9gico para a retomada das atividades em Petr\u00f3polis a longo prazo.<\/p>\n\n\n\n<p>Na ocasi\u00e3o foi apresentado um planejamento de a\u00e7\u00f5es integradas para a cidade a partir do segundo semestre, sempre lembrando que a consolida\u00e7\u00e3o do mesmo estar\u00e1 condicionada ao aumento do n\u00famero de vacinados e a redu\u00e7\u00e3o de contaminados pelo Covid-19 na cidade.<\/p>\n\n\n\n<p>Segundo o secret\u00e1rio de Turismo, Samir El Ghaoui, o objetivo principal da reuni\u00e3o foi ouvir as necessidades de cada segmento e buscar solu\u00e7\u00f5es integradas entre o poder p\u00fablico e a iniciativa privada. A uni\u00e3o de for\u00e7as, diz ele, \u00e9 fundamental para minimizar os impactos negativos da pandemia e tra\u00e7ar os melhores caminhos para a retomada da economia. \u201cNossa proposta \u00e9 iniciar o di\u00e1logo com as entidades representativas, institui\u00e7\u00f5es e empres\u00e1rios, que ser\u00e3o apresentadas ao prefeito em seguida. Precisamos pensar em solu\u00e7\u00f5es que possam alavancar n\u00e3o s\u00f3 o turismo, mas os neg\u00f3cios da cidade como um todo\u201d, explicou.<\/p>\n\n\n\n<p>Samir El Ghaoui destaca que a uni\u00e3o dos diversos segmentos \u00e9 importante nesse planejamento de retomada para que a cidade volte \u00e0 sua normalidade como um todo. Ele esteve acompanhado na reuni\u00e3o pela Diretora de Turismo, Evany Noel, e pelo Assessor Especial da Turispetro, Rog\u00e9rio Elmor.<\/p>\n\n\n\n<p>O secret\u00e1rio de Desenvolvimento Econ\u00f4mico, Marcelo Soares, apresentou um plano de a\u00e7\u00f5es da sua pasta, algumas j\u00e1 realizadas, e disse que umas das propostas \u00e9 inserir Petr\u00f3polis de vez no segmento de turismo corporativo. \u201c\u00c9 um segmento que pode injetar mais de R$ 30 milh\u00f5es na economia petropolitana a cada per\u00edodo, trazendo benef\u00edcios para todos os setores\u201d, destacou Soares.<\/p>\n\n\n\n<p>Leandro Kronemberger, que acumula a dire\u00e7\u00e3o das pastas de Cultura e Esportes, lembrou da import\u00e2ncia dos eventos esportivos para fomentar a economia da cidade. \u201cPetr\u00f3polis j\u00e1 recebeu importantes copas e competi\u00e7\u00f5es que ajudaram a alavancar nossa economia. A cidade tem tradi\u00e7\u00e3o em esportes como o montain bike e as corridas de rua, e temos que explorar isso, buscando um horizonte animador para o turismo e para a economia em geral assim que a cidade voltar ao seu dia-a-dia normal\u201d, destacou.<\/p>\n\n\n\n<p>Entre as entidades representadas na reuni\u00e3o, al\u00e9m da Firjan, estiveram o Conselho Municipal de Turismo (Comtur), Sicom\u00e9rcio, o CDL, o Petr\u00f3polis Convention e Visitors Bureau, a Associa\u00e7\u00e3o de Lojistas da Rua Teresa e da Rua 16 de Mar\u00e7o, a Associa\u00e7\u00e3o de Profissionais de Eventos de Petr\u00f3polis, a Associa\u00e7\u00e3o de Cervejarias Artesanais de Petr\u00f3polis e a Associa\u00e7\u00e3o de Guias de Turismo, al\u00e9m de outros representantes dos segmentos hoteleiro, gastron\u00f4mico, de com\u00e9rcio e servi\u00e7os.<\/p>\n\n\n\n<p>O pr\u00f3ximo encontro do grupo vai acontecer no dia 10 de maio, quando ser\u00e3o formalizados grupos setorizados para tratar de um planejamento espec\u00edfico para cada segmento.<\/p>\n","protected":false},"excerpt":{"rendered":"<p>Representantes de quatro secretarias de governo (Turismo, Cultura, Esporte e Desenvolvimento Econ\u00f4mico) representaram o prefeito<\/p>\n","protected":false},"author":2,"featured_media":13652,"comment_status":"open","ping_status":"open","sticky":false,"template":"","format":"standard","meta":{"footnotes":""},"categories":[12],"tags":[],"class_list":["post-13651","post","type-post","status-publish","format-standard","has-post-thumbnail","hentry","category-cidade"],"_links":{"self":[{"href":"https:\/\/tvc16.com\/portal\/wp-json\/wp\/v2\/posts\/13651","targetHints":{"allow":["GET"]}}],"collection":[{"href":"https:\/\/tvc16.com\/portal\/wp-json\/wp\/v2\/posts"}],"about":[{"href":"https:\/\/tvc16.com\/portal\/wp-json\/wp\/v2\/types\/post"}],"author":[{"embeddable":true,"href":"https:\/\/tvc16.com\/portal\/wp-json\/wp\/v2\/users\/2"}],"replies":[{"embeddable":true,"href":"https:\/\/tvc16.com\/portal\/wp-json\/wp\/v2\/comments?post=13651"}],"version-history":[{"count":3,"href":"https:\/\/tvc16.com\/portal\/wp-json\/wp\/v2\/posts\/13651\/revisions"}],"predecessor-version":[{"id":13696,"href":"https:\/\/tvc16.com\/portal\/wp-json\/wp\/v2\/posts\/13651\/revisions\/13696"}],"wp:featuredmedia":[{"embeddable":true,"href":"https:\/\/tvc16.com\/portal\/wp-json\/wp\/v2\/media\/13652"}],"wp:attachment":[{"href":"https:\/\/tvc16.com\/portal\/wp-json\/wp\/v2\/media?parent=13651"}],"wp:term":[{"taxonomy":"category","embeddable":true,"href":"https:\/\/tvc16.com\/portal\/wp-json\/wp\/v2\/categories?post=13651"},{"taxonomy":"post_tag","embeddable":true,"href":"https:\/\/tvc16.com\/portal\/wp-json\/wp\/v2\/tags?post=13651"}],"curies":[{"name":"wp","href":"https:\/\/api.w.org\/{rel}","templated":true}]}}