{"id":13657,"date":"2021-04-29T10:48:18","date_gmt":"2021-04-29T13:48:18","guid":{"rendered":"https:\/\/tvc16.com\/portal\/?p=13657"},"modified":"2021-04-29T11:00:19","modified_gmt":"2021-04-29T14:00:19","slug":"supremo-torna-deputado-daniel-silveira-reu-por-atos-antidemocraticos","status":"publish","type":"post","link":"https:\/\/tvc16.com\/portal\/2021\/04\/29\/supremo-torna-deputado-daniel-silveira-reu-por-atos-antidemocraticos\/","title":{"rendered":"Supremo torna deputado Daniel Silveira r\u00e9u por atos antidemocr\u00e1ticos"},"content":{"rendered":"\n<p>Foto: Poder 360<\/p>\n\n\n\n<p>O Supremo Tribunal Federal&nbsp;decidiu nesta quarta-feira (28) por unanimidade receber den\u00fancia e tornar r\u00e9u o deputado Daniel Silveira&nbsp;(PSL-RJ) no \u00e2mbito do inqu\u00e9rito que investiga atos antidemocr\u00e1ticos. Por 10 votos a 1, o tribunal tamb\u00e9m decidiu n\u00e3o analisar nesta quarta o pedido do deputado de revoga\u00e7\u00e3o da pris\u00e3o domiciliar, com tornozeleira eletr\u00f4nica. Ainda n\u00e3o h\u00e1 data para julgamento de recurso da defesa com esse pedido.<\/p>\n\n\n\n<p>Em fevereiro,&nbsp;o deputado foi detido ap\u00f3s ter publicado um v\u00eddeo nas redes sociais no qual defende o AI-5, instrumento de repress\u00e3o mais duro da ditadura militar, e a destitui\u00e7\u00e3o de ministros do STF. As duas reivindica\u00e7\u00f5es s\u00e3o inconstitucionais. Com o recebimento da den\u00fancia, Daniel Silveira se torna r\u00e9u e passa a responder a processo criminal perante o Supremo, em raz\u00e3o do foro privilegiado.<\/p>\n\n\n\n<p>Ele poder\u00e1 apresentar defesa e, depois de colhidas provas e ouvidas testemunhas, ocorre o julgamento para determinar se \u00e9 culpado ou inocente.<\/p>\n\n\n\n<p>Em nota o deputado disse que n\u00e3o h\u00e1 como receber tal decis\u00e3o com tranquilidade ou serenidade. &#8220;O que estamos assistindo \u00e9 um grupo pol\u00edtico dominando o poder judici\u00e1rio e atuando no cumprimento e evolu\u00e7\u00e3o de sua agenda. As leis, e a pr\u00f3pria Constitui\u00e7\u00e3o Federal em si, s\u00f3 s\u00e3o respeitadas em ocasi\u00f5es em que existe alguma conveni\u00eancia aos interesses deste grupo militante&#8221;, disse o deputado.<\/p>\n\n\n\n<p>Ainda na nota Daniel diz que desafia qualquer jurista a mostrar o caminho jur\u00eddico para tal pris\u00e3o que n\u00e3o passa de uma clara manipula\u00e7\u00e3o do Direito, tentando de forma leviana convencer o maior n\u00famero de pessoas a acreditarem que est\u00e3o agindo corretamente. &#8220;O que querem e est\u00e3o conseguindo \u00e9 incutir no consciente coletivo a submiss\u00e3o ao medo&#8221;, afirmou.<\/p>\n\n\n\n<p>Daniel Silveira est\u00e1 no primeiro mandato como deputado federal. Eleito em 2018, o ex-policial militar ficou conhecido por aparecer em v\u00eddeo destruindo uma placa que homenageava a vereadora Marielle Franco, assassinada no Rio em mar\u00e7o daquele mesmo ano.<\/p>\n","protected":false},"excerpt":{"rendered":"<p>Foto: Poder 360 O Supremo Tribunal Federal&nbsp;decidiu nesta quarta-feira (28) por unanimidade receber den\u00fancia e<\/p>\n","protected":false},"author":2,"featured_media":13658,"comment_status":"open","ping_status":"open","sticky":false,"template":"","format":"standard","meta":{"footnotes":""},"categories":[12],"tags":[],"class_list":["post-13657","post","type-post","status-publish","format-standard","has-post-thumbnail","hentry","category-cidade"],"_links":{"self":[{"href":"https:\/\/tvc16.com\/portal\/wp-json\/wp\/v2\/posts\/13657","targetHints":{"allow":["GET"]}}],"collection":[{"href":"https:\/\/tvc16.com\/portal\/wp-json\/wp\/v2\/posts"}],"about":[{"href":"https:\/\/tvc16.com\/portal\/wp-json\/wp\/v2\/types\/post"}],"author":[{"embeddable":true,"href":"https:\/\/tvc16.com\/portal\/wp-json\/wp\/v2\/users\/2"}],"replies":[{"embeddable":true,"href":"https:\/\/tvc16.com\/portal\/wp-json\/wp\/v2\/comments?post=13657"}],"version-history":[{"count":2,"href":"https:\/\/tvc16.com\/portal\/wp-json\/wp\/v2\/posts\/13657\/revisions"}],"predecessor-version":[{"id":13667,"href":"https:\/\/tvc16.com\/portal\/wp-json\/wp\/v2\/posts\/13657\/revisions\/13667"}],"wp:featuredmedia":[{"embeddable":true,"href":"https:\/\/tvc16.com\/portal\/wp-json\/wp\/v2\/media\/13658"}],"wp:attachment":[{"href":"https:\/\/tvc16.com\/portal\/wp-json\/wp\/v2\/media?parent=13657"}],"wp:term":[{"taxonomy":"category","embeddable":true,"href":"https:\/\/tvc16.com\/portal\/wp-json\/wp\/v2\/categories?post=13657"},{"taxonomy":"post_tag","embeddable":true,"href":"https:\/\/tvc16.com\/portal\/wp-json\/wp\/v2\/tags?post=13657"}],"curies":[{"name":"wp","href":"https:\/\/api.w.org\/{rel}","templated":true}]}}