{"id":13663,"date":"2021-04-29T10:57:59","date_gmt":"2021-04-29T13:57:59","guid":{"rendered":"https:\/\/tvc16.com\/portal\/?p=13663"},"modified":"2021-04-29T10:58:01","modified_gmt":"2021-04-29T13:58:01","slug":"estudo-mostra-que-geleiras-estao-derretendo-em-ritmo-acelerado","status":"publish","type":"post","link":"https:\/\/tvc16.com\/portal\/2021\/04\/29\/estudo-mostra-que-geleiras-estao-derretendo-em-ritmo-acelerado\/","title":{"rendered":"Estudo mostra que geleiras est\u00e3o derretendo em ritmo acelerado"},"content":{"rendered":"\n<h3 class=\"wp-block-heading\">\u00c9 o que mostra estudo divulgado na revista cient\u00edfica Nature<\/h3>\n\n\n\n<h4 class=\"wp-block-heading\">Por Cassandra Garrison &#8211; Rep\u00f3rter da Reuters &#8211; Londres<\/h4>\n\n\n\n<p>Quase todas as geleiras do mundo est\u00e3o perdendo massa em ritmo acelerado, mostra novo estudo divulgado nessa quarta-feira (28) na revista cient\u00edfica&nbsp;<em>Nature<\/em>. Isso pode afetar, segundo a pesquisa, proje\u00e7\u00f5es futuras sobre a perda de gelo.<img decoding=\"async\" src=\"https:\/\/agenciabrasil.ebc.com.br\/ebc.png?id=1408158&amp;o=node\"><img decoding=\"async\" src=\"https:\/\/agenciabrasil.ebc.com.br\/ebc.gif?id=1408158&amp;o=node\"><\/p>\n\n\n\n<p>O trabalho&nbsp;fornece um dos panoramas mais abrangentes sobre a perda de massa de gelo de cerca de 220 mil geleiras de todo o globo, um grande catalisador da eleva\u00e7\u00e3o do n\u00edvel dos mares.<\/p>\n\n\n\n<p>Usando imagens de alta resolu\u00e7\u00e3o de 2000 a 2019 do sat\u00e9lite Terra, da Ag\u00eancia Aeroespacial dos Estados Unidos (Nasa), um grupo de cientistas internacionais descobriu que as geleiras, com exce\u00e7\u00e3o das placas de gelo da Groenl\u00e2ndia e da Ant\u00e1rtida, que foram exclu\u00eddas do estudo, perderam em m\u00e9dia 267 gigatoneladas de gelo por ano.<\/p>\n\n\n\n<p>Uma gigatonelada de gelo preencheria o Central Park, da cidade de Nova York, e chegaria a 341 metros de altura.<\/p>\n\n\n\n<p>Os pesquisadores tamb\u00e9m descobriram que a perda de massa das geleiras se acelerou. As geleiras perderam 227 gigatoneladas de gelo por ano entre 2000 e 2004, mas esse&nbsp;n\u00famero&nbsp;subiu para uma m\u00e9dia de 298 gigatoneladas de gelo a cada ano depois de 2015.<\/p>\n\n\n\n<p>O derretimento est\u00e1 afetando os n\u00edveis dos mares em cerca de 0,74 mil\u00edmetros por ano, ou 21% da eleva\u00e7\u00e3o do n\u00edvel dos mares em geral, observada no per\u00edodo.<\/p>\n\n\n\n<p>As geleiras tendem a mostrar uma rea\u00e7\u00e3o mais r\u00e1pida \u00e0 mudan\u00e7a clim\u00e1tica quando comparadas com as placas de gelo da Groenl\u00e2ndia e da Ant\u00e1rtida, e atualmente contribuem mais para a eleva\u00e7\u00e3o do n\u00edvel dos mares do que qualquer placa de gelo individual, disseram cientistas.<\/p>\n\n\n\n<p>O estudo pode preencher lacunas importantes na compreens\u00e3o da perda de massa de gelo e levar a previs\u00f5es mais exatas, disse Robert McNabb, coautor do estudo e cientista de detec\u00e7\u00e3o remota da Universidade do Ulster brit\u00e2nica. Estudos anteriores a respeito de geleiras individuais s\u00f3 respondem por cerca de 10% do planeta, disse ele.<\/p>\n","protected":false},"excerpt":{"rendered":"<p>\u00c9 o que mostra estudo divulgado na revista cient\u00edfica Nature Por Cassandra Garrison &#8211; Rep\u00f3rter<\/p>\n","protected":false},"author":2,"featured_media":13664,"comment_status":"open","ping_status":"open","sticky":false,"template":"","format":"standard","meta":{"footnotes":""},"categories":[17],"tags":[],"class_list":["post-13663","post","type-post","status-publish","format-standard","has-post-thumbnail","hentry","category-outras-noticias"],"_links":{"self":[{"href":"https:\/\/tvc16.com\/portal\/wp-json\/wp\/v2\/posts\/13663","targetHints":{"allow":["GET"]}}],"collection":[{"href":"https:\/\/tvc16.com\/portal\/wp-json\/wp\/v2\/posts"}],"about":[{"href":"https:\/\/tvc16.com\/portal\/wp-json\/wp\/v2\/types\/post"}],"author":[{"embeddable":true,"href":"https:\/\/tvc16.com\/portal\/wp-json\/wp\/v2\/users\/2"}],"replies":[{"embeddable":true,"href":"https:\/\/tvc16.com\/portal\/wp-json\/wp\/v2\/comments?post=13663"}],"version-history":[{"count":1,"href":"https:\/\/tvc16.com\/portal\/wp-json\/wp\/v2\/posts\/13663\/revisions"}],"predecessor-version":[{"id":13665,"href":"https:\/\/tvc16.com\/portal\/wp-json\/wp\/v2\/posts\/13663\/revisions\/13665"}],"wp:featuredmedia":[{"embeddable":true,"href":"https:\/\/tvc16.com\/portal\/wp-json\/wp\/v2\/media\/13664"}],"wp:attachment":[{"href":"https:\/\/tvc16.com\/portal\/wp-json\/wp\/v2\/media?parent=13663"}],"wp:term":[{"taxonomy":"category","embeddable":true,"href":"https:\/\/tvc16.com\/portal\/wp-json\/wp\/v2\/categories?post=13663"},{"taxonomy":"post_tag","embeddable":true,"href":"https:\/\/tvc16.com\/portal\/wp-json\/wp\/v2\/tags?post=13663"}],"curies":[{"name":"wp","href":"https:\/\/api.w.org\/{rel}","templated":true}]}}