{"id":13668,"date":"2021-04-29T11:01:15","date_gmt":"2021-04-29T14:01:15","guid":{"rendered":"https:\/\/tvc16.com\/portal\/?p=13668"},"modified":"2021-04-29T11:04:51","modified_gmt":"2021-04-29T14:04:51","slug":"chuva-forte-interdita-casas-na-zona-sul-do-rio-de-janeiro","status":"publish","type":"post","link":"https:\/\/tvc16.com\/portal\/2021\/04\/29\/chuva-forte-interdita-casas-na-zona-sul-do-rio-de-janeiro\/","title":{"rendered":"Chuva forte interdita casas na zona sul do Rio de Janeiro"},"content":{"rendered":"\n<h3 class=\"wp-block-heading\">Houve queda de um muro de conten\u00e7\u00e3o no Pav\u00e3o-Pav\u00e3ozinho<\/h3>\n\n\n\n<h4 class=\"wp-block-heading\">Por Akemi Nitahara \u2013 Rep\u00f3rter da Ag\u00eancia Brasil &#8211; Rio de Janeiro<\/h4>\n\n\n\n<p>A chuva forte que caiu sobre a zona sul do Rio de Janeiro durante a madrugada de hoje (29) causou deslizamento de terra na comunidade do Pav\u00e3o-Pav\u00e3ozinho, em Copacabana. V\u00e1rias ruas do bairro ficaram alagadas, assim como em Botafogo e na Lagoa.<img decoding=\"async\" src=\"https:\/\/agenciabrasil.ebc.com.br\/ebc.png?id=1408161&amp;o=node\"><img decoding=\"async\" src=\"https:\/\/agenciabrasil.ebc.com.br\/ebc.gif?id=1408161&amp;o=node\"><\/p>\n\n\n\n<p>Segundo a Defesa Civil municipal, um muro de conten\u00e7\u00e3o caiu, gerando deslizamento de barreira de grandes propor\u00e7\u00f5es no Pav\u00e3o-Pav\u00e3ozinho. O \u00f3rg\u00e3o constatou risco iminente de desabamento de tr\u00eas im\u00f3veis multifamiliares e interditou oito casas, onde residiam dez fam\u00edlias. A Defesa Civil far\u00e1 hoje uma nova vistoria no local ainda pela manh\u00e3.<\/p>\n\n\n\n<p>O Rio entrou em est\u00e1gio de aten\u00e7\u00e3o \u00e0s 23h40 de ontem, devido ao acionamento de sirenes no Cantagalo, Pav\u00e3o-Pav\u00e3ozinho, Cabritos, Babil\u00f4nia e Chap\u00e9u Mangueira, todos na zona sul.&nbsp;<\/p>\n\n\n\n<p>Segundo o Centro de Opera\u00e7\u00f5es da prefeitura, o registro de chuva superou 10 mil\u00edmetros em 15 minutos nas esta\u00e7\u00f5es Copacabana (10,4mm) e Urca (10,4mm). O est\u00e1gio de aten\u00e7\u00e3o \u00e9 o terceiro em uma escala de cinco e significa que uma ou mais ocorr\u00eancias impactam o munic\u00edpio.<\/p>\n\n\n\n<h2 class=\"wp-block-heading\">Mais chuvas hoje<\/h2>\n\n\n\n<p>De acordo com o Alerta Rio, o tempo permanece inst\u00e1vel ao longo do dia, com previs\u00e3o de chuva fraca a moderada isolada a qualquer momento e ventos fracos a moderados. A temperatura permanece est\u00e1vel em rela\u00e7\u00e3o a ontem, com m\u00ednima de 18\u00b0C e m\u00e1xima de 28\u00b0C.<\/p>\n\n\n\n<p>Para amanh\u00e3, a previs\u00e3o \u00e9 que o tempo permane\u00e7a inst\u00e1vel, com chuva fraca em pontos isolados durante a madrugada e pela manh\u00e3. Entre s\u00e1bado (1\u00ba) e segunda-feira (3), um sistema de alta press\u00e3o no oceano volta a influenciar o tempo na cidade e n\u00e3o h\u00e1 mais previs\u00e3o de chuva. As temperaturas estar\u00e3o em eleva\u00e7\u00e3o.<\/p>\n\n\n\n<p>Edi\u00e7\u00e3o: Kleber Sampaio<\/p>\n","protected":false},"excerpt":{"rendered":"<p>Houve queda de um muro de conten\u00e7\u00e3o no Pav\u00e3o-Pav\u00e3ozinho Por Akemi Nitahara \u2013 Rep\u00f3rter da<\/p>\n","protected":false},"author":2,"featured_media":13669,"comment_status":"open","ping_status":"open","sticky":false,"template":"","format":"standard","meta":{"footnotes":""},"categories":[17],"tags":[],"class_list":["post-13668","post","type-post","status-publish","format-standard","has-post-thumbnail","hentry","category-outras-noticias"],"_links":{"self":[{"href":"https:\/\/tvc16.com\/portal\/wp-json\/wp\/v2\/posts\/13668","targetHints":{"allow":["GET"]}}],"collection":[{"href":"https:\/\/tvc16.com\/portal\/wp-json\/wp\/v2\/posts"}],"about":[{"href":"https:\/\/tvc16.com\/portal\/wp-json\/wp\/v2\/types\/post"}],"author":[{"embeddable":true,"href":"https:\/\/tvc16.com\/portal\/wp-json\/wp\/v2\/users\/2"}],"replies":[{"embeddable":true,"href":"https:\/\/tvc16.com\/portal\/wp-json\/wp\/v2\/comments?post=13668"}],"version-history":[{"count":1,"href":"https:\/\/tvc16.com\/portal\/wp-json\/wp\/v2\/posts\/13668\/revisions"}],"predecessor-version":[{"id":13670,"href":"https:\/\/tvc16.com\/portal\/wp-json\/wp\/v2\/posts\/13668\/revisions\/13670"}],"wp:featuredmedia":[{"embeddable":true,"href":"https:\/\/tvc16.com\/portal\/wp-json\/wp\/v2\/media\/13669"}],"wp:attachment":[{"href":"https:\/\/tvc16.com\/portal\/wp-json\/wp\/v2\/media?parent=13668"}],"wp:term":[{"taxonomy":"category","embeddable":true,"href":"https:\/\/tvc16.com\/portal\/wp-json\/wp\/v2\/categories?post=13668"},{"taxonomy":"post_tag","embeddable":true,"href":"https:\/\/tvc16.com\/portal\/wp-json\/wp\/v2\/tags?post=13668"}],"curies":[{"name":"wp","href":"https:\/\/api.w.org\/{rel}","templated":true}]}}