{"id":13671,"date":"2021-04-29T11:02:09","date_gmt":"2021-04-29T14:02:09","guid":{"rendered":"https:\/\/tvc16.com\/portal\/?p=13671"},"modified":"2021-04-29T11:05:45","modified_gmt":"2021-04-29T14:05:45","slug":"igp-m-acumula-inflacao-de-3202-em-12-meses-diz-fgv","status":"publish","type":"post","link":"https:\/\/tvc16.com\/portal\/2021\/04\/29\/igp-m-acumula-inflacao-de-3202-em-12-meses-diz-fgv\/","title":{"rendered":"IGP-M acumula infla\u00e7\u00e3o de 32,02% em 12 meses, diz FGV"},"content":{"rendered":"\n<h3 class=\"wp-block-heading\">\u00cdndice registrou infla\u00e7\u00e3o de 1,51% em abril deste ano<\/h3>\n\n\n\n<h4 class=\"wp-block-heading\">Por Vitor Abdala &#8211; Rep\u00f3rter da Ag\u00eancia Brasil &#8211; Rio de Janeiro<\/h4>\n\n\n\n<p>O \u00cdndice Geral de Pre\u00e7os \u2013 Mercado (IGP-M), usado no reajuste dos contratos de aluguel do pa\u00eds, registrou infla\u00e7\u00e3o de 1,51% em abril deste ano, taxa inferior aos 2,94% de mar\u00e7o. Com o resultado, o indicador acumula taxas de infla\u00e7\u00e3o de 9,89% no ano e de 32,02% em 12 meses, de acordo com a Funda\u00e7\u00e3o Getulio Vargas (FGV).<img decoding=\"async\" src=\"https:\/\/agenciabrasil.ebc.com.br\/ebc.png?id=1408162&amp;o=node\"><img decoding=\"async\" src=\"https:\/\/agenciabrasil.ebc.com.br\/ebc.gif?id=1408162&amp;o=node\"><\/p>\n\n\n\n<p>A queda da taxa, de mar\u00e7o para abril, foi puxada pelos comportamentos dos pre\u00e7os no atacado, varejo e constru\u00e7\u00e3o.<\/p>\n\n\n\n<p>A infla\u00e7\u00e3o do \u00cdndice de Pre\u00e7os ao Produtor Amplo, que mede o atacado, recuou de 3,56% em mar\u00e7o para 1,84% em abril. O \u00cdndice de Pre\u00e7os ao Consumidor teve comportamento semelhante, ao cair de 0,98% para 0,44% no per\u00edodo.<\/p>\n\n\n\n<p>J\u00e1 a infla\u00e7\u00e3o do \u00cdndice Nacional de Custo da Constru\u00e7\u00e3o caiu de 2% em mar\u00e7o para 0,95% em abril.<\/p>\n\n\n\n<p>Edi\u00e7\u00e3o: Val\u00e9ria Aguiar<\/p>\n","protected":false},"excerpt":{"rendered":"<p>\u00cdndice registrou infla\u00e7\u00e3o de 1,51% em abril deste ano Por Vitor Abdala &#8211; Rep\u00f3rter da<\/p>\n","protected":false},"author":2,"featured_media":13672,"comment_status":"open","ping_status":"open","sticky":false,"template":"","format":"standard","meta":{"footnotes":""},"categories":[17],"tags":[],"class_list":["post-13671","post","type-post","status-publish","format-standard","has-post-thumbnail","hentry","category-outras-noticias"],"_links":{"self":[{"href":"https:\/\/tvc16.com\/portal\/wp-json\/wp\/v2\/posts\/13671","targetHints":{"allow":["GET"]}}],"collection":[{"href":"https:\/\/tvc16.com\/portal\/wp-json\/wp\/v2\/posts"}],"about":[{"href":"https:\/\/tvc16.com\/portal\/wp-json\/wp\/v2\/types\/post"}],"author":[{"embeddable":true,"href":"https:\/\/tvc16.com\/portal\/wp-json\/wp\/v2\/users\/2"}],"replies":[{"embeddable":true,"href":"https:\/\/tvc16.com\/portal\/wp-json\/wp\/v2\/comments?post=13671"}],"version-history":[{"count":1,"href":"https:\/\/tvc16.com\/portal\/wp-json\/wp\/v2\/posts\/13671\/revisions"}],"predecessor-version":[{"id":13673,"href":"https:\/\/tvc16.com\/portal\/wp-json\/wp\/v2\/posts\/13671\/revisions\/13673"}],"wp:featuredmedia":[{"embeddable":true,"href":"https:\/\/tvc16.com\/portal\/wp-json\/wp\/v2\/media\/13672"}],"wp:attachment":[{"href":"https:\/\/tvc16.com\/portal\/wp-json\/wp\/v2\/media?parent=13671"}],"wp:term":[{"taxonomy":"category","embeddable":true,"href":"https:\/\/tvc16.com\/portal\/wp-json\/wp\/v2\/categories?post=13671"},{"taxonomy":"post_tag","embeddable":true,"href":"https:\/\/tvc16.com\/portal\/wp-json\/wp\/v2\/tags?post=13671"}],"curies":[{"name":"wp","href":"https:\/\/api.w.org\/{rel}","templated":true}]}}