{"id":13674,"date":"2021-04-29T11:02:46","date_gmt":"2021-04-29T14:02:46","guid":{"rendered":"https:\/\/tvc16.com\/portal\/?p=13674"},"modified":"2021-04-29T11:05:24","modified_gmt":"2021-04-29T14:05:24","slug":"confianca-da-industria-atinge-menor-nivel-desde-agosto","status":"publish","type":"post","link":"https:\/\/tvc16.com\/portal\/2021\/04\/29\/confianca-da-industria-atinge-menor-nivel-desde-agosto\/","title":{"rendered":"Confian\u00e7a da ind\u00fastria atinge menor n\u00edvel desde agosto"},"content":{"rendered":"\n<h3 class=\"wp-block-heading\">Houve recuo de 0,7 ponto de mar\u00e7o para abril, diz a FGV<\/h3>\n\n\n\n<h4 class=\"wp-block-heading\">Por Vitor Abdala &#8211; Rep\u00f3rter da Ag\u00eancia Brasil &#8211; Rio de Janeiro<\/h4>\n\n\n\n<p>O \u00cdndice de Confian\u00e7a da Ind\u00fastria, medido pela Funda\u00e7\u00e3o Getulio Vargas (FGV), recuou 0,7 ponto de mar\u00e7o para abril. Foi a quarta queda consecutiva do indicador, que atingiu 103,5 pontos, o menor n\u00edvel desde agosto de 2020 (98,7 pontos). Constatou-se piora na confian\u00e7a dos empres\u00e1rios brasileiros em 14 dos 19 segmentos industriais pesquisados.<img decoding=\"async\" src=\"https:\/\/agenciabrasil.ebc.com.br\/ebc.png?id=1408164&amp;o=node\"><img decoding=\"async\" src=\"https:\/\/agenciabrasil.ebc.com.br\/ebc.gif?id=1408164&amp;o=node\"><\/p>\n\n\n\n<p>O \u00cdndice de Situa\u00e7\u00e3o Atual, que mede a percep\u00e7\u00e3o do empresariado em rela\u00e7\u00e3o ao presente, caiu 1,4 ponto e chegou 110 pontos, menor n\u00edvel desde setembro de 2020 (107,3 pontos). J\u00e1 o \u00cdndice de Expectativas, que mede a confian\u00e7a no futuro, cedeu 0,2 ponto e atingiu 96,9 pontos, menor n\u00edvel desde julho de 2020 (90,5 pontos).<\/p>\n\n\n\n<p>O N\u00edvel de Utiliza\u00e7\u00e3o da Capacidade Instalada recuou 1,6 ponto percentual, indo para 76,7%, o menor patamar desde agosto de 2020 (75,3%).<\/p>\n\n\n\n<p>\u201cO ritmo lento do processo de vacina\u00e7\u00e3o, a desvaloriza\u00e7\u00e3o do real e a escassez de insumos enfrentada por alguns setores criam um ambiente de incerteza que favorece a piora da situa\u00e7\u00e3o corrente e a manuten\u00e7\u00e3o de expectativas cautelosas, em n\u00edveis inferiores a normalidade, ou seja, abaixo de 100. Entretanto, o estabelecimento dos programas de manuten\u00e7\u00e3o do emprego e aux\u00edlio \u00e0s empresas poder\u00e1 colaborar para a recupera\u00e7\u00e3o das expectativas para o in\u00edcio do pr\u00f3ximo semestre\u201d, disse a economista da FGV Claudia Perdig\u00e3o.<\/p>\n\n\n\n<p>Edi\u00e7\u00e3o: Kleber Sampaio<\/p>\n","protected":false},"excerpt":{"rendered":"<p>Houve recuo de 0,7 ponto de mar\u00e7o para abril, diz a FGV Por Vitor Abdala<\/p>\n","protected":false},"author":2,"featured_media":13675,"comment_status":"open","ping_status":"open","sticky":false,"template":"","format":"standard","meta":{"footnotes":""},"categories":[17],"tags":[],"class_list":["post-13674","post","type-post","status-publish","format-standard","has-post-thumbnail","hentry","category-outras-noticias"],"_links":{"self":[{"href":"https:\/\/tvc16.com\/portal\/wp-json\/wp\/v2\/posts\/13674","targetHints":{"allow":["GET"]}}],"collection":[{"href":"https:\/\/tvc16.com\/portal\/wp-json\/wp\/v2\/posts"}],"about":[{"href":"https:\/\/tvc16.com\/portal\/wp-json\/wp\/v2\/types\/post"}],"author":[{"embeddable":true,"href":"https:\/\/tvc16.com\/portal\/wp-json\/wp\/v2\/users\/2"}],"replies":[{"embeddable":true,"href":"https:\/\/tvc16.com\/portal\/wp-json\/wp\/v2\/comments?post=13674"}],"version-history":[{"count":1,"href":"https:\/\/tvc16.com\/portal\/wp-json\/wp\/v2\/posts\/13674\/revisions"}],"predecessor-version":[{"id":13676,"href":"https:\/\/tvc16.com\/portal\/wp-json\/wp\/v2\/posts\/13674\/revisions\/13676"}],"wp:featuredmedia":[{"embeddable":true,"href":"https:\/\/tvc16.com\/portal\/wp-json\/wp\/v2\/media\/13675"}],"wp:attachment":[{"href":"https:\/\/tvc16.com\/portal\/wp-json\/wp\/v2\/media?parent=13674"}],"wp:term":[{"taxonomy":"category","embeddable":true,"href":"https:\/\/tvc16.com\/portal\/wp-json\/wp\/v2\/categories?post=13674"},{"taxonomy":"post_tag","embeddable":true,"href":"https:\/\/tvc16.com\/portal\/wp-json\/wp\/v2\/tags?post=13674"}],"curies":[{"name":"wp","href":"https:\/\/api.w.org\/{rel}","templated":true}]}}