{"id":13677,"date":"2021-04-29T11:03:28","date_gmt":"2021-04-29T14:03:28","guid":{"rendered":"https:\/\/tvc16.com\/portal\/?p=13677"},"modified":"2021-04-29T11:05:07","modified_gmt":"2021-04-29T14:05:07","slug":"pf-combate-crimes-de-abusos-sexuais-contra-criancas-no-para","status":"publish","type":"post","link":"https:\/\/tvc16.com\/portal\/2021\/04\/29\/pf-combate-crimes-de-abusos-sexuais-contra-criancas-no-para\/","title":{"rendered":"PF combate crimes de abusos sexuais contra crian\u00e7as no Par\u00e1"},"content":{"rendered":"\n<h3 class=\"wp-block-heading\">Policiais cumprem um mandado de pris\u00e3o e tr\u00eas de busca e apreens\u00e3o<\/h3>\n\n\n\n<h4 class=\"wp-block-heading\">Por Ag\u00eancia Brasil &#8211; Bras\u00edlia<\/h4>\n\n\n\n<p>A Pol\u00edcia Federal (PF) deflagrou nesta quinta-feira (29) a Opera\u00e7\u00e3o Atrocitas, para combater crimes de estupro de vulner\u00e1vel e de produ\u00e7\u00e3o e armazenamento de material pornogr\u00e1fico infantil, em Marab\u00e1, no estado do Par\u00e1.<img decoding=\"async\" src=\"https:\/\/agenciabrasil.ebc.com.br\/ebc.png?id=1408165&amp;o=node\"><img decoding=\"async\" src=\"https:\/\/agenciabrasil.ebc.com.br\/ebc.gif?id=1408165&amp;o=node\"><\/p>\n\n\n\n<p>As investiga\u00e7\u00f5es iniciaram a partir de relat\u00f3rio produzido pelo setor especializado no combate ao abuso sexual infantil da PF.&nbsp; \u201cCom o aprofundamento das apura\u00e7\u00f5es, verificou-se que o suspeito se valia da conviv\u00eancia \u00edntima com as crian\u00e7as para cometer os abusos e fotografar as cenas, armazenando as imagens em aparelhos telef\u00f4nicos e servidores na internet (nuvem)\u201d.<\/p>\n\n\n\n<p>Os policiais federais cumprem, desde as primeiras horas da manh\u00e3, um mandado de pris\u00e3o preventiva e tr\u00eas de busca e apreens\u00e3o. As a\u00e7\u00f5es ocorrem simultaneamente, tamb\u00e9m, nas cidades de Parauapebas e Viseu, no Par\u00e1; e Senador Canedo, em Goi\u00e1s.<\/p>\n\n\n\n<p>De acordo com a PF, o nome da opera\u00e7\u00e3o, Atrocitas, \u00e9 o \u201ctermo em latim para atrocidades, a\u00e7\u00e3o repleta de perversidade, crueldade\u201d.<\/p>\n\n\n\n<p>Edi\u00e7\u00e3o: A\u00e9cio Amado<\/p>\n","protected":false},"excerpt":{"rendered":"<p>Policiais cumprem um mandado de pris\u00e3o e tr\u00eas de busca e apreens\u00e3o Por Ag\u00eancia Brasil<\/p>\n","protected":false},"author":2,"featured_media":13678,"comment_status":"open","ping_status":"open","sticky":false,"template":"","format":"standard","meta":{"footnotes":""},"categories":[17],"tags":[],"class_list":["post-13677","post","type-post","status-publish","format-standard","has-post-thumbnail","hentry","category-outras-noticias"],"_links":{"self":[{"href":"https:\/\/tvc16.com\/portal\/wp-json\/wp\/v2\/posts\/13677","targetHints":{"allow":["GET"]}}],"collection":[{"href":"https:\/\/tvc16.com\/portal\/wp-json\/wp\/v2\/posts"}],"about":[{"href":"https:\/\/tvc16.com\/portal\/wp-json\/wp\/v2\/types\/post"}],"author":[{"embeddable":true,"href":"https:\/\/tvc16.com\/portal\/wp-json\/wp\/v2\/users\/2"}],"replies":[{"embeddable":true,"href":"https:\/\/tvc16.com\/portal\/wp-json\/wp\/v2\/comments?post=13677"}],"version-history":[{"count":1,"href":"https:\/\/tvc16.com\/portal\/wp-json\/wp\/v2\/posts\/13677\/revisions"}],"predecessor-version":[{"id":13679,"href":"https:\/\/tvc16.com\/portal\/wp-json\/wp\/v2\/posts\/13677\/revisions\/13679"}],"wp:featuredmedia":[{"embeddable":true,"href":"https:\/\/tvc16.com\/portal\/wp-json\/wp\/v2\/media\/13678"}],"wp:attachment":[{"href":"https:\/\/tvc16.com\/portal\/wp-json\/wp\/v2\/media?parent=13677"}],"wp:term":[{"taxonomy":"category","embeddable":true,"href":"https:\/\/tvc16.com\/portal\/wp-json\/wp\/v2\/categories?post=13677"},{"taxonomy":"post_tag","embeddable":true,"href":"https:\/\/tvc16.com\/portal\/wp-json\/wp\/v2\/tags?post=13677"}],"curies":[{"name":"wp","href":"https:\/\/api.w.org\/{rel}","templated":true}]}}