{"id":13680,"date":"2021-04-29T11:04:22","date_gmt":"2021-04-29T14:04:22","guid":{"rendered":"https:\/\/tvc16.com\/portal\/?p=13680"},"modified":"2021-04-29T11:04:24","modified_gmt":"2021-04-29T14:04:24","slug":"covid-19-novos-casos-caem-na-europa-pela-primeira-vez-em-dois-meses","status":"publish","type":"post","link":"https:\/\/tvc16.com\/portal\/2021\/04\/29\/covid-19-novos-casos-caem-na-europa-pela-primeira-vez-em-dois-meses\/","title":{"rendered":"Covid-19: novos casos caem na Europa pela primeira vez em dois meses"},"content":{"rendered":"\n<h3 class=\"wp-block-heading\">Segundo a OMS, taxa de infec\u00e7\u00e3o no entanto continua elevada<\/h3>\n\n\n\n<h4 class=\"wp-block-heading\">Por RTP &#8211; Lisboa<\/h4>\n\n\n\n<p>A Organiza\u00e7\u00e3o Mundial da&nbsp;Sa\u00fade (OMS) informou&nbsp;hoje (29) que o n\u00famero de novos casos de cont\u00e1gio pelo SARS-CoV-2 caiu pela primeira vez em dois meses na Europa, mas que a taxa de infec\u00e7\u00e3o continua elevada.<img decoding=\"async\" src=\"https:\/\/agenciabrasil.ebc.com.br\/ebc.png?id=1408167&amp;o=node\"><img decoding=\"async\" src=\"https:\/\/agenciabrasil.ebc.com.br\/ebc.gif?id=1408167&amp;o=node\"><\/p>\n\n\n\n<p>&#8220;Pela primeira vez em dois meses, os novos casos ca\u00edram de forma significativa na semana passada. No entanto, as taxas de cont\u00e1gio por toda a Europa continuam muito altas&#8221;, afirmou o diretor europeu da OMS, Hans Kluge, em entrevista coletiva&nbsp;virtual.<\/p>\n\n\n\n<p>Quase metade de todos os casos de infec\u00e7\u00e3o registados na regi\u00e3o europeia desde o in\u00edcio da pandemia foram diagnosticados nos quatro primeiros meses de 2021 e embora o n\u00famero de pessoas hospitalizadas e mortes por&nbsp;covid-19 continue a baixar, o v\u00edrus ainda pode provocar &#8220;efeitos devastadores&#8221;.<\/p>\n\n\n\n<p>Segundo a OMS, na Europa, 5,5% da popula\u00e7\u00e3o j\u00e1 foram&nbsp;infectados&nbsp;pelo v\u00edrus e 7% est\u00e3o&nbsp;completamente vacinados.&nbsp;&#8220;Quando a taxa de vacina\u00e7\u00e3o de grupos de risco \u00e9 mais elevada, reduzem-se os internamentos e as mortes&#8221;, disse Kluge.<\/p>\n\n\n\n<p>Em rela\u00e7\u00e3o \u00e0 mais recente variante do SARS-CoV-2, descoberta na \u00cdndia, a OMS considera que n\u00e3o \u00e9 preocupante, apesar de ser respons\u00e1vel pelo surto que atualmente se verifica naquele pa\u00eds do sul da \u00c1sia.<\/p>\n\n\n\n<p>Hans Kluge reiterou que a OMS est\u00e1 investigando&nbsp;a muta\u00e7\u00e3o e frisou que essas podem ocorrer em qualquer lugar, uma &#8220;tempestade perfeita&#8221; que decorre do relaxamento de medidas de prote\u00e7\u00e3o e de baixas taxas de vacina\u00e7\u00e3o.<\/p>\n","protected":false},"excerpt":{"rendered":"<p>Segundo a OMS, taxa de infec\u00e7\u00e3o no entanto continua elevada Por RTP &#8211; Lisboa A<\/p>\n","protected":false},"author":2,"featured_media":13681,"comment_status":"open","ping_status":"open","sticky":false,"template":"","format":"standard","meta":{"footnotes":""},"categories":[17],"tags":[],"class_list":["post-13680","post","type-post","status-publish","format-standard","has-post-thumbnail","hentry","category-outras-noticias"],"_links":{"self":[{"href":"https:\/\/tvc16.com\/portal\/wp-json\/wp\/v2\/posts\/13680","targetHints":{"allow":["GET"]}}],"collection":[{"href":"https:\/\/tvc16.com\/portal\/wp-json\/wp\/v2\/posts"}],"about":[{"href":"https:\/\/tvc16.com\/portal\/wp-json\/wp\/v2\/types\/post"}],"author":[{"embeddable":true,"href":"https:\/\/tvc16.com\/portal\/wp-json\/wp\/v2\/users\/2"}],"replies":[{"embeddable":true,"href":"https:\/\/tvc16.com\/portal\/wp-json\/wp\/v2\/comments?post=13680"}],"version-history":[{"count":1,"href":"https:\/\/tvc16.com\/portal\/wp-json\/wp\/v2\/posts\/13680\/revisions"}],"predecessor-version":[{"id":13682,"href":"https:\/\/tvc16.com\/portal\/wp-json\/wp\/v2\/posts\/13680\/revisions\/13682"}],"wp:featuredmedia":[{"embeddable":true,"href":"https:\/\/tvc16.com\/portal\/wp-json\/wp\/v2\/media\/13681"}],"wp:attachment":[{"href":"https:\/\/tvc16.com\/portal\/wp-json\/wp\/v2\/media?parent=13680"}],"wp:term":[{"taxonomy":"category","embeddable":true,"href":"https:\/\/tvc16.com\/portal\/wp-json\/wp\/v2\/categories?post=13680"},{"taxonomy":"post_tag","embeddable":true,"href":"https:\/\/tvc16.com\/portal\/wp-json\/wp\/v2\/tags?post=13680"}],"curies":[{"name":"wp","href":"https:\/\/api.w.org\/{rel}","templated":true}]}}