{"id":13692,"date":"2021-04-29T11:09:07","date_gmt":"2021-04-29T14:09:07","guid":{"rendered":"https:\/\/tvc16.com\/portal\/?p=13692"},"modified":"2021-04-29T11:09:09","modified_gmt":"2021-04-29T14:09:09","slug":"estados-receberao-864-mil-unidades-de-medicamentos-de-intubacao","status":"publish","type":"post","link":"https:\/\/tvc16.com\/portal\/2021\/04\/29\/estados-receberao-864-mil-unidades-de-medicamentos-de-intubacao\/","title":{"rendered":"Estados receber\u00e3o 864 mil unidades de medicamentos de intuba\u00e7\u00e3o"},"content":{"rendered":"\n<h3 class=\"wp-block-heading\">Munic\u00edpios tamb\u00e9m ser\u00e3o contemplados, diz Minist\u00e9rio da Sa\u00fade<\/h3>\n\n\n\n<h4 class=\"wp-block-heading\">Por Pedro Peduzzi &#8211; Rep\u00f3rter da Ag\u00eancia Brasil &#8211; Bras\u00edlia<\/h4>\n\n\n\n<p>O Minist\u00e9rio da Sa\u00fade anunciou hoje (29) a distribui\u00e7\u00e3o de mais 864 mil unidades de medicamentos de intuba\u00e7\u00e3o orotraqueal (IOT). A expectativa \u00e9 de que esses insumos estejam \u00e0 disposi\u00e7\u00e3o de estados e munic\u00edpios em at\u00e9 48 horas.<img decoding=\"async\" src=\"https:\/\/agenciabrasil.ebc.com.br\/ebc.png?id=1408173&amp;o=node\"><img decoding=\"async\" src=\"https:\/\/agenciabrasil.ebc.com.br\/ebc.gif?id=1408173&amp;o=node\"><\/p>\n\n\n\n<p>Os medicamentos foram adquiridos por meio de preg\u00f5es e de aquisi\u00e7\u00f5es feitas junto \u00e0 Organiza\u00e7\u00e3o Pan-Americana de Sa\u00fade (OPAS). Segundo o minist\u00e9rio, a distribui\u00e7\u00e3o \u00e0s unidades federativas ser\u00e1 feita por meio de parceria com o Conselho Nacional dos Secret\u00e1rios de Sa\u00fade (Conass) e com o Conselho Nacional das Secretarias Municipais de Sa\u00fade (Conasems).<\/p>\n\n\n\n<p>\u201cA divis\u00e3o leva em conta o consumo m\u00e9dio mensal e os estoques dos medicamentos \u2013 as duas informa\u00e7\u00f5es essenciais para a consolida\u00e7\u00e3o do processo de divis\u00e3o dos insumos pelo pa\u00eds\u201d, informou, em nota, o minist\u00e9rio. Acrescentou que o pa\u00eds receber\u00e1 mais 1,1 milh\u00e3o de unidades de medicamentos do kit intuba\u00e7\u00e3o, doados por empresas, o que deve ocorrer \u201cnos pr\u00f3ximos dias\u201d.<\/p>\n\n\n\n<p>Edi\u00e7\u00e3o: Kleber Sampaio<\/p>\n","protected":false},"excerpt":{"rendered":"<p>Munic\u00edpios tamb\u00e9m ser\u00e3o contemplados, diz Minist\u00e9rio da Sa\u00fade Por Pedro Peduzzi &#8211; Rep\u00f3rter da Ag\u00eancia<\/p>\n","protected":false},"author":2,"featured_media":13693,"comment_status":"open","ping_status":"open","sticky":false,"template":"","format":"standard","meta":{"footnotes":""},"categories":[17],"tags":[],"class_list":["post-13692","post","type-post","status-publish","format-standard","has-post-thumbnail","hentry","category-outras-noticias"],"_links":{"self":[{"href":"https:\/\/tvc16.com\/portal\/wp-json\/wp\/v2\/posts\/13692","targetHints":{"allow":["GET"]}}],"collection":[{"href":"https:\/\/tvc16.com\/portal\/wp-json\/wp\/v2\/posts"}],"about":[{"href":"https:\/\/tvc16.com\/portal\/wp-json\/wp\/v2\/types\/post"}],"author":[{"embeddable":true,"href":"https:\/\/tvc16.com\/portal\/wp-json\/wp\/v2\/users\/2"}],"replies":[{"embeddable":true,"href":"https:\/\/tvc16.com\/portal\/wp-json\/wp\/v2\/comments?post=13692"}],"version-history":[{"count":1,"href":"https:\/\/tvc16.com\/portal\/wp-json\/wp\/v2\/posts\/13692\/revisions"}],"predecessor-version":[{"id":13694,"href":"https:\/\/tvc16.com\/portal\/wp-json\/wp\/v2\/posts\/13692\/revisions\/13694"}],"wp:featuredmedia":[{"embeddable":true,"href":"https:\/\/tvc16.com\/portal\/wp-json\/wp\/v2\/media\/13693"}],"wp:attachment":[{"href":"https:\/\/tvc16.com\/portal\/wp-json\/wp\/v2\/media?parent=13692"}],"wp:term":[{"taxonomy":"category","embeddable":true,"href":"https:\/\/tvc16.com\/portal\/wp-json\/wp\/v2\/categories?post=13692"},{"taxonomy":"post_tag","embeddable":true,"href":"https:\/\/tvc16.com\/portal\/wp-json\/wp\/v2\/tags?post=13692"}],"curies":[{"name":"wp","href":"https:\/\/api.w.org\/{rel}","templated":true}]}}