{"id":13703,"date":"2021-04-29T17:35:13","date_gmt":"2021-04-29T20:35:13","guid":{"rendered":"https:\/\/tvc16.com\/portal\/?p=13703"},"modified":"2021-04-29T17:35:15","modified_gmt":"2021-04-29T20:35:15","slug":"sicomercio-lamenta-o-fechamento-do-comercio-no-proximo-sabado-01","status":"publish","type":"post","link":"https:\/\/tvc16.com\/portal\/2021\/04\/29\/sicomercio-lamenta-o-fechamento-do-comercio-no-proximo-sabado-01\/","title":{"rendered":"Sicom\u00e9rcio lamenta o fechamento do com\u00e9rcio no pr\u00f3ximo s\u00e1bado (01)"},"content":{"rendered":"\n<p>Com\u00e9rcio de portas fechadas \u00e0s v\u00e9speras do Dia das M\u00e3es<\/p>\n\n\n\n<p>O Sindicato do Com\u00e9rcio Varejista de Petr\u00f3polis informa que no pr\u00f3ximo s\u00e1bado (01.05) o com\u00e9rcio em Petr\u00f3polis ficar\u00e1 fechado. Segundo o Sicom\u00e9rcio houve uma tentativa de negocia\u00e7\u00e3o com o Sindicato dos Empregados no Com\u00e9rcio de Petr\u00f3polis, mas os diretores foram irredut\u00edveis e n\u00e3o permitiram o funcionamento. Decretos restringindo o funcionamento dos estabelecimentos, recesso sanit\u00e1rio do Estado, restri\u00e7\u00e3o no hor\u00e1rio de funcionamento, redu\u00e7\u00e3o do fluxo de pessoas circulando nas ruas e a falta de ajuda governamental foram alguns dos argumentos usados pelo Sicom\u00e9rcio para justificar a abertura no feriado.<\/p>\n\n\n\n<p>\u201cO Sicom\u00e9rcio pleiteou a abertura do com\u00e9rcio excepcionalmente pois o feriado este ano cai em um s\u00e1bado que antecede o Dia das M\u00e3es. Nossas vizinhas Nova Friburgo e Teres\u00f3polis estar\u00e3o abertas e o munic\u00edpio vai perder a oportunidade de realizar vendas na segunda melhor data do ano para vendas. Foram v\u00e1rias tentativas de negocia\u00e7\u00e3o, mas n\u00e3o cederam\u201d, explica Marcelo Fiorini, presidente do Sicom\u00e9rcio.<\/p>\n\n\n\n<p>A concess\u00e3o de folga no dia 01 de maio, data que marca do Dia do Trabalhador \u00e9 um direito adquirido por Conven\u00e7\u00e3o Coletiva da categoria. O Sicom\u00e9rcio acredita que depois de um impacto negativo no faturamento das empresas que acarretou o fechamento de in\u00fameros postos de trabalho, poderia haver uma exce\u00e7\u00e3o para o funcionamento este ano.<\/p>\n\n\n\n<p>\u201cAno passado est\u00e1vamos fechados durante o per\u00edodo que antecedeu o Dia das M\u00e3es. A pandemia nos prejudicou muito e alguns parceiros nem conseguiram manter suas empresas e consequentemente os empregos que geravam. Isso \u00e9 uma excepcionalidade. N\u00f3s precisamos trabalhar para tentar equilibrar as contas a cada final de m\u00eas e garantir o sal\u00e1rio em dia para nossos colaboradores\u201d, informa Marcelo.<\/p>\n\n\n\n<p>O empresariado associado ao Sicom\u00e9rcio reconhece que a data comemorativa \u00e9 importante para os colaboradores, mas ressalta que o setor foi um dos mais prejudicados pelas medidas de conten\u00e7\u00e3o do novo coronav\u00edrus. Entre 2020 e este ano, foram 100 dias de portas fechadas, al\u00e9m de restri\u00e7\u00f5es nos hor\u00e1rios de funcionamento.<\/p>\n\n\n\n<p>\u201cA data \u00e9 extremamente importante pois marca a luta do trabalhador brasileiro na conquista dos seus direitos. Mas sem faturamento, muitos n\u00e3o poder\u00e3o manter os empregos e esse trabalhador que comemora um feriado hoje, pode n\u00e3o ter nada para celebrar no pr\u00f3ximo ano se ficar desempregado\u201d, reflete Marcelo.<\/p>\n","protected":false},"excerpt":{"rendered":"<p>Com\u00e9rcio de portas fechadas \u00e0s v\u00e9speras do Dia das M\u00e3es O Sindicato do Com\u00e9rcio Varejista<\/p>\n","protected":false},"author":2,"featured_media":13704,"comment_status":"open","ping_status":"open","sticky":false,"template":"","format":"standard","meta":{"footnotes":""},"categories":[12],"tags":[],"class_list":["post-13703","post","type-post","status-publish","format-standard","has-post-thumbnail","hentry","category-cidade"],"_links":{"self":[{"href":"https:\/\/tvc16.com\/portal\/wp-json\/wp\/v2\/posts\/13703","targetHints":{"allow":["GET"]}}],"collection":[{"href":"https:\/\/tvc16.com\/portal\/wp-json\/wp\/v2\/posts"}],"about":[{"href":"https:\/\/tvc16.com\/portal\/wp-json\/wp\/v2\/types\/post"}],"author":[{"embeddable":true,"href":"https:\/\/tvc16.com\/portal\/wp-json\/wp\/v2\/users\/2"}],"replies":[{"embeddable":true,"href":"https:\/\/tvc16.com\/portal\/wp-json\/wp\/v2\/comments?post=13703"}],"version-history":[{"count":1,"href":"https:\/\/tvc16.com\/portal\/wp-json\/wp\/v2\/posts\/13703\/revisions"}],"predecessor-version":[{"id":13705,"href":"https:\/\/tvc16.com\/portal\/wp-json\/wp\/v2\/posts\/13703\/revisions\/13705"}],"wp:featuredmedia":[{"embeddable":true,"href":"https:\/\/tvc16.com\/portal\/wp-json\/wp\/v2\/media\/13704"}],"wp:attachment":[{"href":"https:\/\/tvc16.com\/portal\/wp-json\/wp\/v2\/media?parent=13703"}],"wp:term":[{"taxonomy":"category","embeddable":true,"href":"https:\/\/tvc16.com\/portal\/wp-json\/wp\/v2\/categories?post=13703"},{"taxonomy":"post_tag","embeddable":true,"href":"https:\/\/tvc16.com\/portal\/wp-json\/wp\/v2\/tags?post=13703"}],"curies":[{"name":"wp","href":"https:\/\/api.w.org\/{rel}","templated":true}]}}