{"id":13706,"date":"2021-04-29T17:37:12","date_gmt":"2021-04-29T20:37:12","guid":{"rendered":"https:\/\/tvc16.com\/portal\/?p=13706"},"modified":"2021-04-29T17:37:14","modified_gmt":"2021-04-29T20:37:14","slug":"secretaria-de-educacao-fecha-parceria-com-editora-vozes-para-descontos-na-compra-de-livros","status":"publish","type":"post","link":"https:\/\/tvc16.com\/portal\/2021\/04\/29\/secretaria-de-educacao-fecha-parceria-com-editora-vozes-para-descontos-na-compra-de-livros\/","title":{"rendered":"Secretaria de Educa\u00e7\u00e3o fecha parceria com Editora Vozes para descontos na compra de livros"},"content":{"rendered":"\n<p>A Secretaria de Educa\u00e7\u00e3o fechou uma parceria com a Editora Vozes que vai permitir um desconto de 25% em todo cat\u00e1logo da editora para todos os profissionais da rede p\u00fablica de ensino. Para usufruir do benef\u00edcio, os funcion\u00e1rios devem entrar no site da livraria \u2013 www.livrariavozes.com.br \u2013 realizar a compra e no final do processo utilizar o cupom \u2013 uma senha num\u00e9rica que ser\u00e1 liberada para todos os interessados. A a\u00e7\u00e3o est\u00e1 integrada a celebra\u00e7\u00e3o do Dia da Educa\u00e7\u00e3o.<\/p>\n\n\n\n<p>A Livraria Vozes vai atender os participantes interessados por meio de um grupo de whatsapp, que vai explicar e tirar as d\u00favidas dos profissionais interessados. A promo\u00e7\u00e3o ser\u00e1 v\u00e1lida entre os dias 01 e 15 de maio.<\/p>\n\n\n\n<p>\u201cO cat\u00e1logo da editora \u00e9 muito diversificado, principalmente no quesito pedag\u00f3gico. H\u00e1 ainda livros infanto-juvenis que podem ser aux\u00edlios importantes na prepara\u00e7\u00e3o das aulas. Agradecemos a parceria com essa institui\u00e7\u00e3o t\u00e3o importante para a nossa cidade\u201d, destaca a secret\u00e1ria de Educa\u00e7\u00e3o, Marcia Palma.<\/p>\n\n\n\n<p>Foto: internet<\/p>\n","protected":false},"excerpt":{"rendered":"<p>A Secretaria de Educa\u00e7\u00e3o fechou uma parceria com a Editora Vozes que vai permitir um<\/p>\n","protected":false},"author":2,"featured_media":13707,"comment_status":"open","ping_status":"open","sticky":false,"template":"","format":"standard","meta":{"footnotes":""},"categories":[12],"tags":[],"class_list":["post-13706","post","type-post","status-publish","format-standard","has-post-thumbnail","hentry","category-cidade"],"_links":{"self":[{"href":"https:\/\/tvc16.com\/portal\/wp-json\/wp\/v2\/posts\/13706","targetHints":{"allow":["GET"]}}],"collection":[{"href":"https:\/\/tvc16.com\/portal\/wp-json\/wp\/v2\/posts"}],"about":[{"href":"https:\/\/tvc16.com\/portal\/wp-json\/wp\/v2\/types\/post"}],"author":[{"embeddable":true,"href":"https:\/\/tvc16.com\/portal\/wp-json\/wp\/v2\/users\/2"}],"replies":[{"embeddable":true,"href":"https:\/\/tvc16.com\/portal\/wp-json\/wp\/v2\/comments?post=13706"}],"version-history":[{"count":1,"href":"https:\/\/tvc16.com\/portal\/wp-json\/wp\/v2\/posts\/13706\/revisions"}],"predecessor-version":[{"id":13708,"href":"https:\/\/tvc16.com\/portal\/wp-json\/wp\/v2\/posts\/13706\/revisions\/13708"}],"wp:featuredmedia":[{"embeddable":true,"href":"https:\/\/tvc16.com\/portal\/wp-json\/wp\/v2\/media\/13707"}],"wp:attachment":[{"href":"https:\/\/tvc16.com\/portal\/wp-json\/wp\/v2\/media?parent=13706"}],"wp:term":[{"taxonomy":"category","embeddable":true,"href":"https:\/\/tvc16.com\/portal\/wp-json\/wp\/v2\/categories?post=13706"},{"taxonomy":"post_tag","embeddable":true,"href":"https:\/\/tvc16.com\/portal\/wp-json\/wp\/v2\/tags?post=13706"}],"curies":[{"name":"wp","href":"https:\/\/api.w.org\/{rel}","templated":true}]}}