{"id":13709,"date":"2021-04-29T17:42:34","date_gmt":"2021-04-29T20:42:34","guid":{"rendered":"https:\/\/tvc16.com\/portal\/?p=13709"},"modified":"2021-04-29T17:42:36","modified_gmt":"2021-04-29T20:42:36","slug":"educacao-instituto-benjamin-constant-oferta-cursos","status":"publish","type":"post","link":"https:\/\/tvc16.com\/portal\/2021\/04\/29\/educacao-instituto-benjamin-constant-oferta-cursos\/","title":{"rendered":"Educa\u00e7\u00e3o: Instituto Benjamin Constant oferta cursos"},"content":{"rendered":"\n<p>Professores da rede municipal de Educa\u00e7\u00e3o podem se inscrever nos cursos e oficinas gratuitos a dist\u00e2ncia que s\u00e3o oferecidos pelo Instituto Benjamin Constant, que vem investindo na forma\u00e7\u00e3o continuada \u00e0 dist\u00e2ncia por conta da pandemia. Os interessados devem procurar os cursos que est\u00e3o dispon\u00edveis no link: http:\/\/www.ibc.gov.br\/cursos-e-oficinas-a-distancia-2021<\/p>\n\n\n\n<p>\u201c\u00d3tima oportunidade para atualizar conhecimento por meio dessa institui\u00e7\u00e3o que \u00e9 refer\u00eancia nacional na educa\u00e7\u00e3o e capacita\u00e7\u00e3o profissional de pessoas cegas e com baixa vis\u00e3o. O Instituto tamb\u00e9m capacita profissionais e auxilia institui\u00e7\u00f5es p\u00fablicas e privadas no atendimento \u00e0s necessidades desse p\u00fablico em geral. Por isso, \u00e9 uma alegria saber que nossos professores podem participar dessas capacita\u00e7\u00f5es\u201d, afirma o prefeito interino, Hingo Hammes.<\/p>\n\n\n\n<p>A secret\u00e1ria de Educa\u00e7\u00e3o, Marcia Palma, destaca que a rede municipal j\u00e1 \u00e9 refer\u00eancia no atendimento individual especializado e na inclus\u00e3o, tendo dois Centros de Refer\u00eancia em Educa\u00e7\u00e3o Inclusiva e salas de recursos multifuncionais com profissionais capacitados para atendimento.<\/p>\n\n\n\n<p>\u201cTemos uma estrutura que permite o atendimento e acompanhamento dos alunos gra\u00e7as aos professores que s\u00e3o \u00f3timos. Mesmo no ensino remoto, buscam adaptar atividades e auxiliar o p\u00fablico da melhor forma poss\u00edvel e essa possibilidade de novos cursos e oficinas atrav\u00e9s do Instituto Benjamin Constant \u00e9 realmente estimulante. Tenho certeza que ser\u00e1 uma oportunidade muito bem aproveitada por nossos servidores\u201d, disse.<\/p>\n","protected":false},"excerpt":{"rendered":"<p>Professores da rede municipal de Educa\u00e7\u00e3o podem se inscrever nos cursos e oficinas gratuitos a<\/p>\n","protected":false},"author":2,"featured_media":13596,"comment_status":"open","ping_status":"open","sticky":false,"template":"","format":"standard","meta":{"footnotes":""},"categories":[12],"tags":[],"class_list":["post-13709","post","type-post","status-publish","format-standard","has-post-thumbnail","hentry","category-cidade"],"_links":{"self":[{"href":"https:\/\/tvc16.com\/portal\/wp-json\/wp\/v2\/posts\/13709","targetHints":{"allow":["GET"]}}],"collection":[{"href":"https:\/\/tvc16.com\/portal\/wp-json\/wp\/v2\/posts"}],"about":[{"href":"https:\/\/tvc16.com\/portal\/wp-json\/wp\/v2\/types\/post"}],"author":[{"embeddable":true,"href":"https:\/\/tvc16.com\/portal\/wp-json\/wp\/v2\/users\/2"}],"replies":[{"embeddable":true,"href":"https:\/\/tvc16.com\/portal\/wp-json\/wp\/v2\/comments?post=13709"}],"version-history":[{"count":1,"href":"https:\/\/tvc16.com\/portal\/wp-json\/wp\/v2\/posts\/13709\/revisions"}],"predecessor-version":[{"id":13712,"href":"https:\/\/tvc16.com\/portal\/wp-json\/wp\/v2\/posts\/13709\/revisions\/13712"}],"wp:featuredmedia":[{"embeddable":true,"href":"https:\/\/tvc16.com\/portal\/wp-json\/wp\/v2\/media\/13596"}],"wp:attachment":[{"href":"https:\/\/tvc16.com\/portal\/wp-json\/wp\/v2\/media?parent=13709"}],"wp:term":[{"taxonomy":"category","embeddable":true,"href":"https:\/\/tvc16.com\/portal\/wp-json\/wp\/v2\/categories?post=13709"},{"taxonomy":"post_tag","embeddable":true,"href":"https:\/\/tvc16.com\/portal\/wp-json\/wp\/v2\/tags?post=13709"}],"curies":[{"name":"wp","href":"https:\/\/api.w.org\/{rel}","templated":true}]}}