{"id":13719,"date":"2021-04-30T10:00:50","date_gmt":"2021-04-30T13:00:50","guid":{"rendered":"https:\/\/tvc16.com\/portal\/?p=13719"},"modified":"2021-04-30T10:00:52","modified_gmt":"2021-04-30T13:00:52","slug":"indicacao-para-que-ubs-e-psf-sejam-postos-de-vacinacao-contra-a-covid-19-e-aprovada","status":"publish","type":"post","link":"https:\/\/tvc16.com\/portal\/2021\/04\/30\/indicacao-para-que-ubs-e-psf-sejam-postos-de-vacinacao-contra-a-covid-19-e-aprovada\/","title":{"rendered":"Indica\u00e7\u00e3o para que UBS e PSF sejam postos de vacina\u00e7\u00e3o contra a covid-19 \u00e9 aprovada"},"content":{"rendered":"\n<p>A C\u00e2mara Municipal de Petr\u00f3polis aprovou nesta ter\u00e7a-feira (27) a indica\u00e7\u00e3o de autoria do vereador Yuri Moura (PSOL) solicitando \u00e0 prefeitura que todos os Postos de Sa\u00fade da Fam\u00edlia (PSF) e Unidades B\u00e1sicas de Sa\u00fade (UBS) funcionem tamb\u00e9m como postos de vacina\u00e7\u00e3o.<\/p>\n\n\n\n<p>Hoje, este procedimento tem ocorrido somente em algumas unidades, de forma isolada e em algumas fases apenas. A iniciativa visa diminuir as filas para vacina\u00e7\u00e3o e desafogar o atual sistema de cadastro. \u201cEnvolvendo as unidades de sa\u00fade do munic\u00edpio, seu corpo t\u00e9cnico e sua rede de telefonia no processo de imuniza\u00e7\u00e3o, vamos conseguir ampliar os meios de agendamento, unificar os cadastros e agilizar a vacina\u00e7\u00e3o\u201d, explicou Yuri.<\/p>\n\n\n\n<p>Para o vereador, \u00e9 poss\u00edvel, inclusive, aproveitar a mobiliza\u00e7\u00e3o j\u00e1 existente nestes postos por conta da vacina\u00e7\u00e3o contra a gripe, al\u00e9m de contribuir na busca ativa de moradores que ainda n\u00e3o se vacinaram ou deixaram de tomar a segunda dose do imunizante contra a Covid-19. \u201cNosso mandato vem atuando, desde o in\u00edcio, por melhorias e amplia\u00e7\u00e3o do processo de vacina\u00e7\u00e3o no munic\u00edpio. Incluir os PSFs e UBSs faz parte deste processo e aproxima a imuniza\u00e7\u00e3o da popula\u00e7\u00e3o nos bairros, al\u00e9m de garantir uma cobertura vacinal mais eficaz\u201d, concluiu.<\/p>\n\n\n\n<p>A proposta agora segue para provid\u00eancias do Poder Executivo.<\/p>\n","protected":false},"excerpt":{"rendered":"<p>A C\u00e2mara Municipal de Petr\u00f3polis aprovou nesta ter\u00e7a-feira (27) a indica\u00e7\u00e3o de autoria do vereador<\/p>\n","protected":false},"author":2,"featured_media":13721,"comment_status":"open","ping_status":"open","sticky":false,"template":"","format":"standard","meta":{"footnotes":""},"categories":[12],"tags":[],"class_list":["post-13719","post","type-post","status-publish","format-standard","has-post-thumbnail","hentry","category-cidade"],"_links":{"self":[{"href":"https:\/\/tvc16.com\/portal\/wp-json\/wp\/v2\/posts\/13719","targetHints":{"allow":["GET"]}}],"collection":[{"href":"https:\/\/tvc16.com\/portal\/wp-json\/wp\/v2\/posts"}],"about":[{"href":"https:\/\/tvc16.com\/portal\/wp-json\/wp\/v2\/types\/post"}],"author":[{"embeddable":true,"href":"https:\/\/tvc16.com\/portal\/wp-json\/wp\/v2\/users\/2"}],"replies":[{"embeddable":true,"href":"https:\/\/tvc16.com\/portal\/wp-json\/wp\/v2\/comments?post=13719"}],"version-history":[{"count":1,"href":"https:\/\/tvc16.com\/portal\/wp-json\/wp\/v2\/posts\/13719\/revisions"}],"predecessor-version":[{"id":13722,"href":"https:\/\/tvc16.com\/portal\/wp-json\/wp\/v2\/posts\/13719\/revisions\/13722"}],"wp:featuredmedia":[{"embeddable":true,"href":"https:\/\/tvc16.com\/portal\/wp-json\/wp\/v2\/media\/13721"}],"wp:attachment":[{"href":"https:\/\/tvc16.com\/portal\/wp-json\/wp\/v2\/media?parent=13719"}],"wp:term":[{"taxonomy":"category","embeddable":true,"href":"https:\/\/tvc16.com\/portal\/wp-json\/wp\/v2\/categories?post=13719"},{"taxonomy":"post_tag","embeddable":true,"href":"https:\/\/tvc16.com\/portal\/wp-json\/wp\/v2\/tags?post=13719"}],"curies":[{"name":"wp","href":"https:\/\/api.w.org\/{rel}","templated":true}]}}