{"id":13729,"date":"2021-04-30T10:11:51","date_gmt":"2021-04-30T13:11:51","guid":{"rendered":"https:\/\/tvc16.com\/portal\/?p=13729"},"modified":"2021-04-30T10:11:53","modified_gmt":"2021-04-30T13:11:53","slug":"portugal-inaugura-ponte-suspensa-de-pedestres-mais-longa-do-mundo","status":"publish","type":"post","link":"https:\/\/tvc16.com\/portal\/2021\/04\/30\/portugal-inaugura-ponte-suspensa-de-pedestres-mais-longa-do-mundo\/","title":{"rendered":"Portugal inaugura ponte suspensa de pedestres mais longa do mundo"},"content":{"rendered":"\n<h3 class=\"wp-block-heading\">Atra\u00e7\u00e3o custou US$ 2,8 milh\u00f5es e levou dois anos para ser erguida<\/h3>\n\n\n\n<h4 class=\"wp-block-heading\">Por Catarina Demony e Miguel Pereira &#8211; Rep\u00f3rteres da Reuters &#8211; Arouca (Portugal)<\/h4>\n\n\n\n<p>O portugu\u00eas Hugo Xavier se tornou uma das primeiras pessoas a cruzar&nbsp;a ponte suspensa de pedestres mais longa do mundo, inaugurada nessa quinta-feira (29) perto de sua pequena cidade natal de Arouca, no norte do pa\u00eds.<img decoding=\"async\" src=\"https:\/\/agenciabrasil.ebc.com.br\/ebc.png?id=1408286&amp;o=node\"><img decoding=\"async\" src=\"https:\/\/agenciabrasil.ebc.com.br\/ebc.gif?id=1408286&amp;o=node\"><\/p>\n\n\n\n<p>&#8220;Ai&#8230; l\u00e1 vamos n\u00f3s!&#8221;, disse Xavier, de 42 anos, com nervosismo, ao criar coragem para caminhar pela passarela de grade de metal transparente, de 516 metros de comprimento, ao lado de sua companheira igualmente tensa e um guia tur\u00edstico.<\/p>\n\n\n\n<p>Escondida entre montanhas repletas de rochas e cobertas de folhagem verdejante e flores amarelas dentro do Arouca Geopark, a ponte est\u00e1 175 metros acima do Rio Paiva.<\/p>\n\n\n\n<p>A paisagem \u00e9 calma, mas a travessia n\u00e3o \u00e9 para pessoas de nervos fracos. Segura por cabos de a\u00e7o e duas torres maci\u00e7as de cada lado, ela balan\u00e7a um pouco a cada passo.<\/p>\n\n\n\n<p>&#8220;Estava com um pouco de medo, mas valeu muito a pena&#8221;, disse Xavier, aliviado, j\u00e1 na outra extremidade. &#8220;Foi extraordin\u00e1rio, uma experi\u00eancia \u00fanica, uma descarga de adrenalina&#8221;.<\/p>\n\n\n\n<p>A ponte s\u00f3 abriu para moradores locais nessa quinta-feira, mas a partir de segunda-feira (3) qualquer pessoa pode agendar uma visita.<\/p>\n\n\n\n<p>Os moradores esperam que a atra\u00e7\u00e3o, que custou cerca de US$ 2,8 milh\u00f5es e levou dois anos para ser erguida, ajude a ressuscitar a regi\u00e3o, especialmente ap\u00f3s a pandemia de covid-19.<\/p>\n\n\n\n<p>&#8220;\u00c9 um sopro de ar fresco para nossa terra, porque atrair\u00e1 mais investimento, mais gente&#8221;, disse o guia Emanuel, acrescentando que a regi\u00e3o est\u00e1 envelhecendo rapidamente \u00e0 medida que muitos jovens se mudam para cidades grandes. &#8220;Ela trar\u00e1 uma din\u00e2mica nova a Arouca&#8221;.<\/p>\n\n\n\n<p><em>* Reportagem adicional de Violeta Moura<\/em><\/p>\n","protected":false},"excerpt":{"rendered":"<p>Atra\u00e7\u00e3o custou US$ 2,8 milh\u00f5es e levou dois anos para ser erguida Por Catarina Demony<\/p>\n","protected":false},"author":2,"featured_media":13730,"comment_status":"open","ping_status":"open","sticky":false,"template":"","format":"standard","meta":{"footnotes":""},"categories":[17],"tags":[],"class_list":["post-13729","post","type-post","status-publish","format-standard","has-post-thumbnail","hentry","category-outras-noticias"],"_links":{"self":[{"href":"https:\/\/tvc16.com\/portal\/wp-json\/wp\/v2\/posts\/13729","targetHints":{"allow":["GET"]}}],"collection":[{"href":"https:\/\/tvc16.com\/portal\/wp-json\/wp\/v2\/posts"}],"about":[{"href":"https:\/\/tvc16.com\/portal\/wp-json\/wp\/v2\/types\/post"}],"author":[{"embeddable":true,"href":"https:\/\/tvc16.com\/portal\/wp-json\/wp\/v2\/users\/2"}],"replies":[{"embeddable":true,"href":"https:\/\/tvc16.com\/portal\/wp-json\/wp\/v2\/comments?post=13729"}],"version-history":[{"count":1,"href":"https:\/\/tvc16.com\/portal\/wp-json\/wp\/v2\/posts\/13729\/revisions"}],"predecessor-version":[{"id":13731,"href":"https:\/\/tvc16.com\/portal\/wp-json\/wp\/v2\/posts\/13729\/revisions\/13731"}],"wp:featuredmedia":[{"embeddable":true,"href":"https:\/\/tvc16.com\/portal\/wp-json\/wp\/v2\/media\/13730"}],"wp:attachment":[{"href":"https:\/\/tvc16.com\/portal\/wp-json\/wp\/v2\/media?parent=13729"}],"wp:term":[{"taxonomy":"category","embeddable":true,"href":"https:\/\/tvc16.com\/portal\/wp-json\/wp\/v2\/categories?post=13729"},{"taxonomy":"post_tag","embeddable":true,"href":"https:\/\/tvc16.com\/portal\/wp-json\/wp\/v2\/tags?post=13729"}],"curies":[{"name":"wp","href":"https:\/\/api.w.org\/{rel}","templated":true}]}}