{"id":13735,"date":"2021-04-30T10:14:35","date_gmt":"2021-04-30T13:14:35","guid":{"rendered":"https:\/\/tvc16.com\/portal\/?p=13735"},"modified":"2021-04-30T10:14:38","modified_gmt":"2021-04-30T13:14:38","slug":"escolas-tem-ate-hoje-para-se-inscrever-na-olimpiada-de-matematica","status":"publish","type":"post","link":"https:\/\/tvc16.com\/portal\/2021\/04\/30\/escolas-tem-ate-hoje-para-se-inscrever-na-olimpiada-de-matematica\/","title":{"rendered":"Escolas t\u00eam at\u00e9 hoje para se inscrever na Olimp\u00edada de Matem\u00e1tica"},"content":{"rendered":"\n<h3 class=\"wp-block-heading\">Mudan\u00e7as no regulamento motivadas pela pandemia valem para este ano<\/h3>\n\n\n\n<h4 class=\"wp-block-heading\">Por Ag\u00eancia Brasil &#8211; Bras\u00edlia<\/h4>\n\n\n\n<p>Escolas p\u00fablicas e privadas t\u00eam at\u00e9 as 23h59 de hoje (30) para se inscrever na 16\u00aa Olimp\u00edada Brasileira de Matem\u00e1tica das Escolas P\u00fablicas (Obmep). A maior competi\u00e7\u00e3o cient\u00edfica do pa\u00eds sofreu mudan\u00e7as por conta da pandemia da covid-19 e a edi\u00e7\u00e3o que seria realizada em 2020 foi transferida para este ano. As inscri\u00e7\u00f5es feitas no ano passado permanecem v\u00e1lidas. Col\u00e9gios que queiram mudar as informa\u00e7\u00f5es prestadas no ano passado podem fazer isso at\u00e9 esta sexta-feira.<img decoding=\"async\" src=\"https:\/\/agenciabrasil.ebc.com.br\/ebc.png?id=1408217&amp;o=node\"><img decoding=\"async\" src=\"https:\/\/agenciabrasil.ebc.com.br\/ebc.gif?id=1408217&amp;o=node\"><\/p>\n\n\n\n<p>O objetivo da competi\u00e7\u00e3o \u00e9 identificar jovens talentos e estimular o estudo da matem\u00e1tica, al\u00e9m de promover a inclus\u00e3o social por meio da difus\u00e3o do conhecimento.<\/p>\n\n\n\n<p>Diferentemente das edi\u00e7\u00f5es anteriores, as provas da primeira fase ser\u00e3o disponibilizadas na p\u00e1gina restrita da escola no&nbsp;<a href=\"http:\/\/www.obmep.org.br\/\" target=\"_blank\" rel=\"noreferrer noopener\">site da Obmep<\/a>, em 30 de junho. As escolas ter\u00e3o de 30 de junho a 3 de agosto de 2021 para aplicar os exames. Fica a crit\u00e9rio das institui\u00e7\u00f5es de ensino determinar em quantos turnos e em que formato, presencial ou remoto, os alunos far\u00e3o as provas.<\/p>\n\n\n\n<p>As mudan\u00e7as constam no novo regulamento e valem exclusivamente para esta edi\u00e7\u00e3o da olimp\u00edada, por causa da pandemia.<\/p>\n\n\n\n<p>Os cart\u00f5es-respostas dos estudantes classificados para a segunda fase devem ser enviados pelos Correios ou por aplicativo entre 1\u00ba de julho e 11 de agosto. No dia 9 de setembro, a organiza\u00e7\u00e3o divulgar\u00e1 os classificados para a segunda fase, prevista para ocorrer de forma presencial, em 6 de novembro.<\/p>\n\n\n\n<p>Em 2019, a Obmep reuniu mais de 18,2 milh\u00f5es de estudantes de 99,71% dos munic\u00edpios do Brasil. A competi\u00e7\u00e3o \u00e9 voltada a alunos do 6\u00ba ao 9\u00ba ano do ensino fundamental e do ensino m\u00e9dio de escolas p\u00fablicas municipais, estaduais e federais e escolas privadas.<\/p>\n\n\n\n<p>As provas s\u00e3o realizadas em duas fases: a primeira \u00e9 composta por uma prova de m\u00faltipla-escolha de 20 quest\u00f5es, e a segunda por uma prova discursiva de seis quest\u00f5es. Os exames s\u00e3o divididos por grau de escolaridade: N\u00edvel 1 (6\u00ba e 7\u00ba anos do Ensino Fundamental), N\u00edvel 2 (8\u00ba e 9\u00ba anos) e N\u00edvel 3 (Ensino M\u00e9dio).<\/p>\n\n\n\n<p>Nesta edi\u00e7\u00e3o, excepcionalmente, a Obmep admitir\u00e1 a participa\u00e7\u00e3o de estudantes que tenham conclu\u00eddo o ensino m\u00e9dio em 2020 em escolas que fizeram a inscri\u00e7\u00e3o no ano passado e declararam ter alunos no N\u00edvel 3.<\/p>\n\n\n\n<h2 class=\"wp-block-heading\">Premia\u00e7\u00e3o<\/h2>\n\n\n\n<p>Ser\u00e3o distribu\u00eddas aos alunos participantes 575 medalhas de ouro, 1.725 medalhas de prata e 5.175 medalhas de bronze, al\u00e9m de 51.900 men\u00e7\u00f5es honrosas. Todos os medalhistas ser\u00e3o convidados a participar do Programa de Inicia\u00e7\u00e3o Cient\u00edfica Jr. (PIC), como incentivo e promo\u00e7\u00e3o do desenvolvimento acad\u00eamico dos estudantes.<\/p>\n\n\n\n<p>Criada pelo Instituto de Matem\u00e1tica Pura e Aplicada (Impa) em 2005, a Obmep \u00e9 realizada com o apoio da Sociedade Brasileira de Matem\u00e1tica (SBM), com recursos do Minist\u00e9rio da Ci\u00eancia, Tecnologia e Inova\u00e7\u00f5es (MCTI) e do Minist\u00e9rio da Educa\u00e7\u00e3o (MEC).<\/p>\n\n\n\n<p>Edi\u00e7\u00e3o: L\u00edlian Beraldo<\/p>\n","protected":false},"excerpt":{"rendered":"<p>Mudan\u00e7as no regulamento motivadas pela pandemia valem para este ano Por Ag\u00eancia Brasil &#8211; Bras\u00edlia<\/p>\n","protected":false},"author":2,"featured_media":13736,"comment_status":"open","ping_status":"open","sticky":false,"template":"","format":"standard","meta":{"footnotes":""},"categories":[17],"tags":[],"class_list":["post-13735","post","type-post","status-publish","format-standard","has-post-thumbnail","hentry","category-outras-noticias"],"_links":{"self":[{"href":"https:\/\/tvc16.com\/portal\/wp-json\/wp\/v2\/posts\/13735","targetHints":{"allow":["GET"]}}],"collection":[{"href":"https:\/\/tvc16.com\/portal\/wp-json\/wp\/v2\/posts"}],"about":[{"href":"https:\/\/tvc16.com\/portal\/wp-json\/wp\/v2\/types\/post"}],"author":[{"embeddable":true,"href":"https:\/\/tvc16.com\/portal\/wp-json\/wp\/v2\/users\/2"}],"replies":[{"embeddable":true,"href":"https:\/\/tvc16.com\/portal\/wp-json\/wp\/v2\/comments?post=13735"}],"version-history":[{"count":1,"href":"https:\/\/tvc16.com\/portal\/wp-json\/wp\/v2\/posts\/13735\/revisions"}],"predecessor-version":[{"id":13737,"href":"https:\/\/tvc16.com\/portal\/wp-json\/wp\/v2\/posts\/13735\/revisions\/13737"}],"wp:featuredmedia":[{"embeddable":true,"href":"https:\/\/tvc16.com\/portal\/wp-json\/wp\/v2\/media\/13736"}],"wp:attachment":[{"href":"https:\/\/tvc16.com\/portal\/wp-json\/wp\/v2\/media?parent=13735"}],"wp:term":[{"taxonomy":"category","embeddable":true,"href":"https:\/\/tvc16.com\/portal\/wp-json\/wp\/v2\/categories?post=13735"},{"taxonomy":"post_tag","embeddable":true,"href":"https:\/\/tvc16.com\/portal\/wp-json\/wp\/v2\/tags?post=13735"}],"curies":[{"name":"wp","href":"https:\/\/api.w.org\/{rel}","templated":true}]}}