{"id":13747,"date":"2021-04-30T10:17:51","date_gmt":"2021-04-30T13:17:51","guid":{"rendered":"https:\/\/tvc16.com\/portal\/?p=13747"},"modified":"2021-04-30T10:17:53","modified_gmt":"2021-04-30T13:17:53","slug":"impeachment-de-wilson-witzel-sera-julgado-hoje","status":"publish","type":"post","link":"https:\/\/tvc16.com\/portal\/2021\/04\/30\/impeachment-de-wilson-witzel-sera-julgado-hoje\/","title":{"rendered":"Impeachment de Wilson Witzel ser\u00e1 julgado hoje"},"content":{"rendered":"\n<h3 class=\"wp-block-heading\">Governador do Rio foi afastado em agosto, acusado de desvios na sa\u00fade<\/h3>\n\n\n\n<h4 class=\"wp-block-heading\">Por Akemi Nitahara \u2013 Rep\u00f3rter da Ag\u00eancia Brasil &#8211; Rio de Janeiro<\/h4>\n\n\n\n<p>Come\u00e7a \u00e0s 9h de hoje (30) o julgamento do pedido de&nbsp;<em>impeachment&nbsp;<\/em>de Wilson Witzel, governador afastado do Rio de Janeiro, pelo Tribunal Especial Misto (TEM). Witzel est\u00e1 afastado do cargo desde agosto do ano passado e foi denunciado pelo Minist\u00e9rio P\u00fablico Federal por participa\u00e7\u00e3o em um esquema de desvios de recursos na \u00e1rea da sa\u00fade, que seriam aplicados no combate \u00e0 pandemia de covid-19.<img decoding=\"async\" src=\"https:\/\/agenciabrasil.ebc.com.br\/ebc.png?id=1408277&amp;o=node\"><img decoding=\"async\" src=\"https:\/\/agenciabrasil.ebc.com.br\/ebc.gif?id=1408277&amp;o=node\"><\/p>\n\n\n\n<p>A data do julgamento foi definida pelo desembargador Henrique Carlos de Andrade Figueira, presidente do Tribunal de Justi\u00e7a do Rio (TJ-RJ), que tamb\u00e9m comanda o TEM. O tribunal misto \u00e9 composto por cinco desembargadores e cinco deputados estaduais. O relator do processo, deputado estadual Waldeck Carneiro (PT), protocolou o relat\u00f3rio final ontem (29) e dar\u00e1 seu voto na sess\u00e3o de julgamento.<\/p>\n\n\n\n<p>O rito da sess\u00e3o prev\u00ea 30 minutos para manifesta\u00e7\u00e3o da acusa\u00e7\u00e3o, seguida por 30 minutos da defesa. Depois ser\u00e1 feita a leitura do voto pelo relator e cada membro do TEM profere o seu voto, intercalando entre um desembargador e um deputado, que podem seguir ou n\u00e3o o relator. Para que Witzel deixe o cargo em definitivo, s\u00e3o necess\u00e1rios pelo menos sete votos a favor do<em>&nbsp;impeachment<\/em>.<\/p>\n\n\n\n<p>Edi\u00e7\u00e3o: Kleber Sampaio<\/p>\n","protected":false},"excerpt":{"rendered":"<p>Governador do Rio foi afastado em agosto, acusado de desvios na sa\u00fade Por Akemi Nitahara<\/p>\n","protected":false},"author":2,"featured_media":13748,"comment_status":"open","ping_status":"open","sticky":false,"template":"","format":"standard","meta":{"footnotes":""},"categories":[17],"tags":[],"class_list":["post-13747","post","type-post","status-publish","format-standard","has-post-thumbnail","hentry","category-outras-noticias"],"_links":{"self":[{"href":"https:\/\/tvc16.com\/portal\/wp-json\/wp\/v2\/posts\/13747","targetHints":{"allow":["GET"]}}],"collection":[{"href":"https:\/\/tvc16.com\/portal\/wp-json\/wp\/v2\/posts"}],"about":[{"href":"https:\/\/tvc16.com\/portal\/wp-json\/wp\/v2\/types\/post"}],"author":[{"embeddable":true,"href":"https:\/\/tvc16.com\/portal\/wp-json\/wp\/v2\/users\/2"}],"replies":[{"embeddable":true,"href":"https:\/\/tvc16.com\/portal\/wp-json\/wp\/v2\/comments?post=13747"}],"version-history":[{"count":1,"href":"https:\/\/tvc16.com\/portal\/wp-json\/wp\/v2\/posts\/13747\/revisions"}],"predecessor-version":[{"id":13749,"href":"https:\/\/tvc16.com\/portal\/wp-json\/wp\/v2\/posts\/13747\/revisions\/13749"}],"wp:featuredmedia":[{"embeddable":true,"href":"https:\/\/tvc16.com\/portal\/wp-json\/wp\/v2\/media\/13748"}],"wp:attachment":[{"href":"https:\/\/tvc16.com\/portal\/wp-json\/wp\/v2\/media?parent=13747"}],"wp:term":[{"taxonomy":"category","embeddable":true,"href":"https:\/\/tvc16.com\/portal\/wp-json\/wp\/v2\/categories?post=13747"},{"taxonomy":"post_tag","embeddable":true,"href":"https:\/\/tvc16.com\/portal\/wp-json\/wp\/v2\/tags?post=13747"}],"curies":[{"name":"wp","href":"https:\/\/api.w.org\/{rel}","templated":true}]}}