{"id":13750,"date":"2021-04-30T10:19:07","date_gmt":"2021-04-30T13:19:07","guid":{"rendered":"https:\/\/tvc16.com\/portal\/?p=13750"},"modified":"2021-04-30T10:19:09","modified_gmt":"2021-04-30T13:19:09","slug":"cidade-do-rio-prorroga-medidas-restritivas-ate-10-de-maio","status":"publish","type":"post","link":"https:\/\/tvc16.com\/portal\/2021\/04\/30\/cidade-do-rio-prorroga-medidas-restritivas-ate-10-de-maio\/","title":{"rendered":"Cidade do Rio prorroga medidas restritivas at\u00e9 10 de maio"},"content":{"rendered":"\n<h3 class=\"wp-block-heading\">Perman\u00eancia na areia das praias continua proibida nos fins de semana<\/h3>\n\n\n\n<h4 class=\"wp-block-heading\">Por Vitor Abdala &#8211; Rep\u00f3rter da Ag\u00eancia Brasil &#8211; Rio de Janeiro<\/h4>\n\n\n\n<p>O munic\u00edpio do Rio&nbsp;de Janeiro&nbsp;decidiu prorrogar&nbsp;at\u00e9&nbsp;10 de maio&nbsp;as medidas restritivas contra a covid-19. As regras de funcionamento e perman\u00eancia em lugares p\u00fablicos permanecem as mesmas do decreto de&nbsp;sexta-feira passada (23).<img decoding=\"async\" src=\"https:\/\/agenciabrasil.ebc.com.br\/ebc.png?id=1408275&amp;o=node\"><img decoding=\"async\" src=\"https:\/\/agenciabrasil.ebc.com.br\/ebc.gif?id=1408275&amp;o=node\"><\/p>\n\n\n\n<p>A perman\u00eancia das pessoas na areia das praias e o com\u00e9rcio nesses locais, por exemplo, continuam proibidos nos fins de semana e feriados, sendo permitidos apenas nos dias \u00fateis. Tamb\u00e9m segue proibida a perman\u00eancia nas ruas das 23h \u00e0s 5h todos os dias.<\/p>\n\n\n\n<p>A prefeitura manteve ainda a proibi\u00e7\u00e3o&nbsp;do&nbsp;funcionamento de boates, danceterias e casas de espet\u00e1culos.<\/p>\n\n\n\n<p>Com\u00e9rcio e servi\u00e7os n\u00e3o essenciais, al\u00e9m de bares, lanchonetes e restaurantes, poder\u00e3o funcionar com atendimento presencial ao p\u00fablico at\u00e9 as 22h.<\/p>\n\n\n\n<p>Estabelecimentos localizados no interior de&nbsp;<em>shopping centers<\/em>, centros comerciais e galerias de lojas, assim como as atividades culturais e de entretenimento como museus, cinemas, teatros, casas de festa e parques de divers\u00f5es, dever\u00e3o funcionar com no m\u00e1ximo 40% da capacidade, se localizadas em locais fechados, e 60% se em locais abertos.<\/p>\n\n\n\n<p>Edi\u00e7\u00e3o: Gra\u00e7a Adjuto<\/p>\n","protected":false},"excerpt":{"rendered":"<p>Perman\u00eancia na areia das praias continua proibida nos fins de semana Por Vitor Abdala &#8211;<\/p>\n","protected":false},"author":2,"featured_media":13751,"comment_status":"open","ping_status":"open","sticky":false,"template":"","format":"standard","meta":{"footnotes":""},"categories":[17],"tags":[],"class_list":["post-13750","post","type-post","status-publish","format-standard","has-post-thumbnail","hentry","category-outras-noticias"],"_links":{"self":[{"href":"https:\/\/tvc16.com\/portal\/wp-json\/wp\/v2\/posts\/13750","targetHints":{"allow":["GET"]}}],"collection":[{"href":"https:\/\/tvc16.com\/portal\/wp-json\/wp\/v2\/posts"}],"about":[{"href":"https:\/\/tvc16.com\/portal\/wp-json\/wp\/v2\/types\/post"}],"author":[{"embeddable":true,"href":"https:\/\/tvc16.com\/portal\/wp-json\/wp\/v2\/users\/2"}],"replies":[{"embeddable":true,"href":"https:\/\/tvc16.com\/portal\/wp-json\/wp\/v2\/comments?post=13750"}],"version-history":[{"count":1,"href":"https:\/\/tvc16.com\/portal\/wp-json\/wp\/v2\/posts\/13750\/revisions"}],"predecessor-version":[{"id":13752,"href":"https:\/\/tvc16.com\/portal\/wp-json\/wp\/v2\/posts\/13750\/revisions\/13752"}],"wp:featuredmedia":[{"embeddable":true,"href":"https:\/\/tvc16.com\/portal\/wp-json\/wp\/v2\/media\/13751"}],"wp:attachment":[{"href":"https:\/\/tvc16.com\/portal\/wp-json\/wp\/v2\/media?parent=13750"}],"wp:term":[{"taxonomy":"category","embeddable":true,"href":"https:\/\/tvc16.com\/portal\/wp-json\/wp\/v2\/categories?post=13750"},{"taxonomy":"post_tag","embeddable":true,"href":"https:\/\/tvc16.com\/portal\/wp-json\/wp\/v2\/tags?post=13750"}],"curies":[{"name":"wp","href":"https:\/\/api.w.org\/{rel}","templated":true}]}}