{"id":1377,"date":"2020-09-27T14:00:16","date_gmt":"2020-09-27T14:00:16","guid":{"rendered":"https:\/\/tvc16.com\/portal\/?p=1377"},"modified":"2020-09-27T20:21:30","modified_gmt":"2020-09-27T20:21:30","slug":"sest-senat-realiza-mobilizacao-nos-terminais-de-onibus-de-petropolis-na-semana-nacional-do-transito","status":"publish","type":"post","link":"https:\/\/tvc16.com\/portal\/2020\/09\/27\/sest-senat-realiza-mobilizacao-nos-terminais-de-onibus-de-petropolis-na-semana-nacional-do-transito\/","title":{"rendered":"Sest Senat realiza mobiliza\u00e7\u00e3o nos terminais de \u00f4nibus de Petr\u00f3polis"},"content":{"rendered":"\n<p><\/p>\n\n\n\n<p><\/p>\n\n\n\n<p>O Sistema de Transporte P\u00fablico de Petr\u00f3polis est\u00e1 participando de uma s\u00e9rie de a\u00e7\u00f5es do Sest Senat Tr\u00eas Rios, na Semana Nacional do Tr\u00e2nsito. Com o tema \u201cNunca foi t\u00e3o importante cuidar do coletivo\u201d, a institui\u00e7\u00e3o proporciona instru\u00e7\u00f5es de conscientiza\u00e7\u00e3o aos rodovi\u00e1rios, em prol de um tr\u00e2nsito mais seguro. Neste ano, os cuidados e orienta\u00e7\u00f5es se estendem para dentro do coletivo, em raz\u00e3o da pandemia do Coronav\u00edrus.<\/p>\n\n\n\n<p>As a\u00e7\u00f5es foram iniciadas na segunda-feira (21), no Terminal Itaipava. Nos dias seguintes, os trabalhos prosseguiram nos terminais Bingen, Centro e Itamarati, respectivamente, sendo encerrados nesta sexta-feira (25), no Terminal Corr\u00eaas. Nos locais, os rodovi\u00e1rios receberam orienta\u00e7\u00f5es de autopreven\u00e7\u00e3o da Covid-19, sendo oferecidos posteriormente atendimentos gratuitos de sa\u00fade, nas especialidades de odontologia e fisioterapia.<\/p>\n\n\n\n<p>Nos terminais de \u00f4nibus tamb\u00e9m foram distribu\u00eddos folhetos com orienta\u00e7\u00f5es sobre a obrigatoriedade do uso de m\u00e1scara de prote\u00e7\u00e3o respirat\u00f3ria dentro dos coletivos e a import\u00e2ncia em manter as janelas abertas. Al\u00e9m disso, foram disponibilizadas \u00e0 popula\u00e7\u00e3o dicas como a higieniza\u00e7\u00e3o das m\u00e3os e a negocia\u00e7\u00e3o, sempre que poss\u00edvel, dos per\u00edodos de trabalho com o empregador, para fugir dos hor\u00e1rios de pico.<\/p>\n\n\n\n<p>\u201cMesmo sendo afetado pela crise, o sistema de transporte p\u00fablico continua transportando a popula\u00e7\u00e3o. Foram realizados diversos investimentos em seguran\u00e7a sanit\u00e1ria nos coletivos, preservando a sa\u00fade dos rodovi\u00e1rios e clientes. Assim como o tema deste ano, n\u00f3s estamos cuidando do coletivo e garantimos que \u00e9 seguro andar de \u00f4nibus\u201d, frisou Carla Rivetti, gerente do Setranspetro.<\/p>\n\n\n\n<p>De acordo com recente estudo divulgado pela Associa\u00e7\u00e3o Nacional das Empresas de Transporte Urbanos (NTU), n\u00e3o existe qualquer indica\u00e7\u00e3o de que o aumento do n\u00famero de passageiros transportados tenha rela\u00e7\u00e3o com o acr\u00e9scimo do n\u00famero de casos de Covid-19 no pa\u00eds. A pesquisa foi conclu\u00edda a partir da an\u00e1lise de dados do n\u00famero de passageiros, em 15 sistemas de transportes p\u00fablicos urbanos por \u00f4nibus, que correspondem a 171 munic\u00edpios, e da ocorr\u00eancia de casos do v\u00edrus confirmados nessas cidades.<\/p>\n","protected":false},"excerpt":{"rendered":"<p>O Sistema de Transporte P\u00fablico de Petr\u00f3polis est\u00e1 participando de uma s\u00e9rie de a\u00e7\u00f5es do<\/p>\n","protected":false},"author":2,"featured_media":1378,"comment_status":"open","ping_status":"open","sticky":false,"template":"","format":"standard","meta":{"footnotes":""},"categories":[12],"tags":[],"class_list":["post-1377","post","type-post","status-publish","format-standard","has-post-thumbnail","hentry","category-cidade"],"_links":{"self":[{"href":"https:\/\/tvc16.com\/portal\/wp-json\/wp\/v2\/posts\/1377","targetHints":{"allow":["GET"]}}],"collection":[{"href":"https:\/\/tvc16.com\/portal\/wp-json\/wp\/v2\/posts"}],"about":[{"href":"https:\/\/tvc16.com\/portal\/wp-json\/wp\/v2\/types\/post"}],"author":[{"embeddable":true,"href":"https:\/\/tvc16.com\/portal\/wp-json\/wp\/v2\/users\/2"}],"replies":[{"embeddable":true,"href":"https:\/\/tvc16.com\/portal\/wp-json\/wp\/v2\/comments?post=1377"}],"version-history":[{"count":2,"href":"https:\/\/tvc16.com\/portal\/wp-json\/wp\/v2\/posts\/1377\/revisions"}],"predecessor-version":[{"id":1387,"href":"https:\/\/tvc16.com\/portal\/wp-json\/wp\/v2\/posts\/1377\/revisions\/1387"}],"wp:featuredmedia":[{"embeddable":true,"href":"https:\/\/tvc16.com\/portal\/wp-json\/wp\/v2\/media\/1378"}],"wp:attachment":[{"href":"https:\/\/tvc16.com\/portal\/wp-json\/wp\/v2\/media?parent=1377"}],"wp:term":[{"taxonomy":"category","embeddable":true,"href":"https:\/\/tvc16.com\/portal\/wp-json\/wp\/v2\/categories?post=1377"},{"taxonomy":"post_tag","embeddable":true,"href":"https:\/\/tvc16.com\/portal\/wp-json\/wp\/v2\/tags?post=1377"}],"curies":[{"name":"wp","href":"https:\/\/api.w.org\/{rel}","templated":true}]}}