{"id":13772,"date":"2021-05-01T08:07:14","date_gmt":"2021-05-01T11:07:14","guid":{"rendered":"https:\/\/tvc16.com\/portal\/?p=13772"},"modified":"2021-05-01T08:07:16","modified_gmt":"2021-05-01T11:07:16","slug":"o-5g-nao-e-um-g-a-mais-e-uma-nova-tecnologia-que-vem-para-revolucionar-diz-presidente-da-abdi","status":"publish","type":"post","link":"https:\/\/tvc16.com\/portal\/2021\/05\/01\/o-5g-nao-e-um-g-a-mais-e-uma-nova-tecnologia-que-vem-para-revolucionar-diz-presidente-da-abdi\/","title":{"rendered":"\u201cO 5G n\u00e3o \u00e9 um \u2018G\u2019 a mais. \u00c9 uma nova tecnologia que vem para revolucionar\u201d, diz presidente da ABDI"},"content":{"rendered":"\n<p>Em entrevista exclusiva ao portal Brasil61.com, Igor Nogueira Calvet, presidente da Ag\u00eancia Brasileira de Desenvolvimento Industrial, falou sobre o impacto da tecnologia 5G na vida das pessoas e do setor produtivo brasileiro<\/p>\n\n\n\n<p>A t\u00e3o esperada chegada do 5G ao Brasil pode acabar ainda no primeiro semestre deste ano. Essa \u00e9 a data prevista pela Ag\u00eancia Nacional de Telecomunica\u00e7\u00f5es (Anatel) para o leil\u00e3o da tecnologia, que vai revolucionar a forma como nos relacionamos com as m\u00e1quinas e como as m\u00e1quinas se relacionam entre si, acredite. \u00c9 a chamada \u201cInternet das Coisas\u201d.&nbsp;<\/p>\n\n\n\n<p>J\u00e1 adotada em alguns pa\u00edses, a tecnologia 5G \u00e9 20 vezes mais r\u00e1pida do que o 4G. Al\u00e9m disso, o tempo de resposta entre um clique e a resposta \u00e9 muito menor, al\u00e9m de um fator determinante: o alcance. Regi\u00f5es remotas do pa\u00eds, ribeirinhos e os moradores do campo tendem a ser muito beneficiados com a cobertura da nova tecnologia. Mas \u00e9 principalmente o setor produtivo (ind\u00fastria e agroneg\u00f3cio, por exemplo) que est\u00e1 prestes a viver uma revolu\u00e7\u00e3o.<\/p>\n\n\n\n<p>Para entender o impacto que o 5G vai ter no dia a dia da sociedade e dos munic\u00edpios brasileiros, o portal <a href=\"http:\/\/brasil61.com\">Brasil61.com<\/a> entrevistou, com exclusividade, o presidente da Ag\u00eancia Brasileira de Desenvolvimento Industrial (ABDI), Igor Nogueira Calvet. Segundo ele, o 5G n\u00e3o \u00e9 apenas uma evolu\u00e7\u00e3o da tecnologia.&nbsp;<\/p>\n\n\n\n<p>\u201c\u00c9 uma tecnologia que veio para revolucionar uma s\u00e9rie de coisas. Que vai nos dar uma maior velocidade, um maior tempo de resposta na transmiss\u00e3o de dados. N\u00e3o \u00e9 um impacto t\u00e3o somente para o cidad\u00e3o. \u00c9 um impacto, creio eu, at\u00e9 muito maior para as empresas, porque o 5G \u00e9 uma tecnologia que vai permitir a comunica\u00e7\u00e3o n\u00e3o s\u00f3 entre as pessoas, mas, sobretudo, entre m\u00e1quinas. \u00c9 m\u00e1quina conversando com m\u00e1quina, \u00e9 m\u00e1quina conversando com a infraestrutura\u201d, explica.&nbsp;<\/p>\n\n\n\n<figure class=\"wp-block-image\"><img decoding=\"async\" src=\"\/\/s3-sa-east-1.amazonaws.com\/agencia-radio-arb\/4039\/content_Arte_1.jpeg\" alt=\"Arte: Brasil 61\" title=\"Arte: Brasil 61\"\/><\/figure>\n\n\n\n<h2 class=\"wp-block-heading\">Cronograma e alcance<\/h2>\n\n\n\n<p>Uma das preocupa\u00e7\u00f5es do governo federal \u00e9 que a nova tecnologia chegue \u00e0s \u00e1reas mais pobres. Segundo a Anatel, cerca de 1.400 localidades n\u00e3o possuem servi\u00e7o algum de telefonia. &nbsp;Por isso, em edital publicado no in\u00edcio do ano, o \u00f3rg\u00e3o regulador estabeleceu um cronograma para a chegada do 5G aos munic\u00edpios.&nbsp;<\/p>\n\n\n\n<p>Para as capitais, quem vencer o leil\u00e3o deve disponibilizar a tecnologia at\u00e9 31 de julho de 2022. A previs\u00e3o \u00e9 de que todos os munic\u00edpios com mais de 30 mil habitantes sejam atendidos at\u00e9 dezembro de 2029. No entanto, as cidades menores, mesmo aquelas com mais de 600 habitantes ser\u00e3o beneficiadas com a chegada do 5G. Isso porque o governo prev\u00ea a instala\u00e7\u00e3o de redes 4G em todos os munic\u00edpios com essa caracter\u00edstica, que somam 500, ao todo, atualmente.&nbsp;<\/p>\n\n\n\n<figure class=\"wp-block-image\"><img decoding=\"async\" src=\"\/\/s3-sa-east-1.amazonaws.com\/agencia-radio-arb\/4040\/content_Arte_2.jpeg\" alt=\"Arte: Brasil 61\" title=\"Arte: Brasil 61\"\/><\/figure>\n\n\n\n<p>H\u00e1 tamb\u00e9m a previs\u00e3o da cobertura de 48 mil quil\u00f4metros de estradas com internet de alta velocidade e expans\u00e3o de 13 mil quil\u00f4metros de cabos de fibra \u00f3ptica nos leitos dos rios da regi\u00e3o Norte. Igor Nogueira \u00e9 mais otimista. Ele acredita que as proje\u00e7\u00f5es de internet 5G at\u00e9 2029 podem ser melhoradas, uma vez que vai haver muito investimento da iniciativa privada nessa infraestrutura.&nbsp;<\/p>\n\n\n\n<p>\u201cO 5G, inclusive, pode chegar antes nesses centros menores. Por qu\u00ea? Porque tem muitos gestores municipais que podem fazer aquisi\u00e7\u00f5es, buscar financiamentos externos para ajudar nos investimentos em infraestrutura tecnol\u00f3gica. V\u00e1rias empresas que n\u00e3o est\u00e3o nas capitais, mas nas cidades m\u00e9dias, nas cidades pequenas, possivelmente poder\u00e3o ter suas redes privativas de 5G. N\u00e3o precisa esperar at\u00e9 2029. Haver\u00e1 muito investimento privado\u201d, aposta.&nbsp;<\/p>\n\n\n\n<p>Durante o bate-papo, Igor falou tamb\u00e9m sobre as mudan\u00e7as que vamos viver no dia a dia com a chegada da tecnologia, como o 5G vai impactar o setor produtivo brasileiro e de que forma os gestores municipais podem se preparar para sair na frente, seja em termos de regula\u00e7\u00e3o ou infraestrutura. Confira agora a entrevista completa com Igor Nogueira Calvet.<\/p>\n\n\n\n<p><strong>Confira agora a entrevista completa<\/strong><\/p>\n\n\n\n<figure class=\"wp-block-embed is-type-rich is-provider-incorporar-manipulador wp-block-embed-incorporar-manipulador wp-embed-aspect-16-9 wp-has-aspect-ratio\"><div class=\"wp-block-embed__wrapper\">\n<iframe loading=\"lazy\" title=\"Entrevistado da semana - Igor Nogueira Calvet, Pres. da Ag. Brasileira de Desenvolvimento Industrial\" width=\"640\" height=\"360\" src=\"https:\/\/www.youtube.com\/embed\/mJhWJKa4K6k?feature=oembed\" frameborder=\"0\" allow=\"accelerometer; autoplay; clipboard-write; encrypted-media; gyroscope; picture-in-picture; web-share\" referrerpolicy=\"strict-origin-when-cross-origin\" allowfullscreen><\/iframe>\n<\/div><\/figure>\n\n\n\n<p>Fonte: <a href=\"https:\/\/brasil61.com\/noticias\/o-5g-nao-e-um-g-a-mais-e-uma-nova-tecnologia-que-vem-para-revolucionar-diz-presidente-da-abdi-bras214784?email=bethdeoliveira@yahoo.com.br&amp;utm_source=newsletter&amp;utm_medium=newsletter&amp;utm_campaign=newsletter\" target=\"_blank\" rel=\"noreferrer noopener\">Brasil 61<\/a><\/p>\n","protected":false},"excerpt":{"rendered":"<p>Em entrevista exclusiva ao portal Brasil61.com, Igor Nogueira Calvet, presidente da Ag\u00eancia Brasileira de Desenvolvimento<\/p>\n","protected":false},"author":2,"featured_media":13774,"comment_status":"open","ping_status":"open","sticky":false,"template":"","format":"standard","meta":{"footnotes":""},"categories":[17],"tags":[],"class_list":["post-13772","post","type-post","status-publish","format-standard","has-post-thumbnail","hentry","category-outras-noticias"],"_links":{"self":[{"href":"https:\/\/tvc16.com\/portal\/wp-json\/wp\/v2\/posts\/13772","targetHints":{"allow":["GET"]}}],"collection":[{"href":"https:\/\/tvc16.com\/portal\/wp-json\/wp\/v2\/posts"}],"about":[{"href":"https:\/\/tvc16.com\/portal\/wp-json\/wp\/v2\/types\/post"}],"author":[{"embeddable":true,"href":"https:\/\/tvc16.com\/portal\/wp-json\/wp\/v2\/users\/2"}],"replies":[{"embeddable":true,"href":"https:\/\/tvc16.com\/portal\/wp-json\/wp\/v2\/comments?post=13772"}],"version-history":[{"count":1,"href":"https:\/\/tvc16.com\/portal\/wp-json\/wp\/v2\/posts\/13772\/revisions"}],"predecessor-version":[{"id":13775,"href":"https:\/\/tvc16.com\/portal\/wp-json\/wp\/v2\/posts\/13772\/revisions\/13775"}],"wp:featuredmedia":[{"embeddable":true,"href":"https:\/\/tvc16.com\/portal\/wp-json\/wp\/v2\/media\/13774"}],"wp:attachment":[{"href":"https:\/\/tvc16.com\/portal\/wp-json\/wp\/v2\/media?parent=13772"}],"wp:term":[{"taxonomy":"category","embeddable":true,"href":"https:\/\/tvc16.com\/portal\/wp-json\/wp\/v2\/categories?post=13772"},{"taxonomy":"post_tag","embeddable":true,"href":"https:\/\/tvc16.com\/portal\/wp-json\/wp\/v2\/tags?post=13772"}],"curies":[{"name":"wp","href":"https:\/\/api.w.org\/{rel}","templated":true}]}}