{"id":13783,"date":"2021-05-01T08:26:10","date_gmt":"2021-05-01T11:26:10","guid":{"rendered":"https:\/\/tvc16.com\/portal\/?p=13783"},"modified":"2021-05-01T08:26:12","modified_gmt":"2021-05-01T11:26:12","slug":"mais-15-obitos-por-covid-19-registrados-nesta-sexta-feira-em-petropolis","status":"publish","type":"post","link":"https:\/\/tvc16.com\/portal\/2021\/05\/01\/mais-15-obitos-por-covid-19-registrados-nesta-sexta-feira-em-petropolis\/","title":{"rendered":"Mais 15 \u00f3bitos, por Covid-19, registrados nesta sexta-feira em Petr\u00f3polis"},"content":{"rendered":"\n<p><\/p>\n\n\n\n<p>Neste momento, 148 pessoas est\u00e3o internadas em leitos de UTI privados e pelo SUS. Outras 188 est\u00e3o em leitos cl\u00ednicos, considerando leitos privados e SUS, totalizando assim, 336 interna\u00e7\u00f5es em toda a rede da cidade. A ocupa\u00e7\u00e3o de leitos cl\u00ednicos pelo SUS \u00e9 de 66,19% e 78,99% em leitos de UTI.<br>A Secretaria de Sa\u00fade esclarece que o n\u00famero de \u00f3bitos, hoje em 970 \u00e9 atualizado nos boletins apenas ap\u00f3s o registro do atestado de \u00f3bito e do resultado do exame do paciente no sistema da Vigil\u00e2ncia Epidemiol\u00f3gica, o que \u00e9 feito por equipe administrativa. Trata-se de medida de seguran\u00e7a para evitar erro na informa\u00e7\u00e3o divulgada pela Secretaria de Sa\u00fade.<\/p>\n\n\n\n<p>\u00d3bitos<\/p>\n\n\n\n<ol class=\"wp-block-list\"><li>Mulher, 74 anos, moradora no S\u00e3o Sebasti\u00e3o. Internada em 09.04.2021 na UPA Cascatinha. \u00d3bito registrado em 09.04.2021 na UPA Cascatinha. Paciente com hipertens\u00e3o arterial, diabetes, cardiopatia.<\/li><li>Homem, 73 anos, morador no Quitandinha. Internado em 10.04.2021 na UPA Cascatinha e transferido para o HCC. \u00d3bito registrado em 17.04.2021 no HCC. Paciente com hipertens\u00e3o arterial e diabetes.<\/li><li>Mulher, 57 anos, moradora no Alto da Serra. Internada em 08.04.2021 no HST. \u00d3bito registrado em 18.04.2021 no HST. Paciente com doen\u00e7a de chron e insufici\u00eancia card\u00edaca.<\/li><li>Mulher, 54 anos, moradora em Corr\u00eaas. Internada em 09.04.2021 no HMNSE. \u00d3bito registrado em 19.04.2021 no HMNSE. Paciente sem comorbidades.<\/li><li>Mulher, 62 anos, moradora no Itamarati. Internada em 08.04.2021 no HST. \u00d3bito registrado em 19.04.2021 no HST. Paciente com neoplasia de mama.<\/li><li>Mulher, 60 anos, moradora no Floresta. Internada em 26.03.2021 na UPA Cascatinha e transferida para o HCC. \u00d3bito registrado em 20.04.2021 no HCC. Paciente com hipertens\u00e3o arterial.<\/li><li>Mulher, 79 anos, moradora no Duarte da Silveira. Internada em 01.01.2021 no Hospital Unimed. \u00d3bito registrado em 21.04.2021 no Hospital Unimed. Paciente com doen\u00e7a cardiovascular cr\u00f4nica e diabetes.<\/li><li>Homem, 78 anos, morador em Corr\u00eaas. Internado em 12.04.2021 no SMH. \u00d3bito registrado em 21.04.2021 no SMH. Paciente com neoplasia de f\u00edgado.<\/li><li>Mulher, 83 anos, moradora na Vila Militar. Internada em 08.04.2021 na UPA Cascatinha e transferida para o HSM. \u00d3bito registrado em 22.04.2021 no HSM. Paciente com neoplasia e diabetes.<\/li><li>Homem, 73 anos, morador no Independ\u00eancia. Internado em 08.04.2021 na UPA Centro e transferido para o HNSA. \u00d3bito registrado em 23.04.2021 no HNSA. Paciente com hipertens\u00e3o arterial, diabetes e asma.<\/li><li>Mulher, 58 anos, moradora no Alto da Serra. Internado em 09.03.2021 no HAC. \u00d3bito registrado em 26.04.2021 no HAC. Paciente com AVC Hemorr\u00e1gico.<\/li><li>Mulher, 79 anos, moradora no Centro. Internada em 13.04.2021 no Hospital Unimed. \u00d3bito registrado em 27.04.21 Hospital Unimed. Paciente com hipertens\u00e3o arterial.<\/li><li>Homem, 81 anos, morador no Cascatinha. Internado em 25.03.2021 no Hospital Unimed. \u00d3bito registrado em 2704.2021 no Hospital Unimed. Paciente com doen\u00e7a cardiovascular cr\u00f4nica e diabetes.<\/li><li>Mulher, 72 anos, moradora no Duarte da Silveira. Internado em 04.04.2021 no Hospital Unimed. \u00d3bito registrado em 28.04.2021 no Hospital Unimed. Paciente com doen\u00e7a cardiovascular cr\u00f4nica.<\/li><li>Homem, 57 anos, moradora no Carangola. Internada em 19.04.2021 no Hospital Unimed. \u00d3bito registrado em 28.04.2021 no Hospital Unimed. Paciente com hipertens\u00e3o arterial e diabetes.<\/li><\/ol>\n","protected":false},"excerpt":{"rendered":"<p>Neste momento, 148 pessoas est\u00e3o internadas em leitos de UTI privados e pelo SUS. Outras<\/p>\n","protected":false},"author":2,"featured_media":13784,"comment_status":"open","ping_status":"open","sticky":false,"template":"","format":"standard","meta":{"footnotes":""},"categories":[12],"tags":[],"class_list":["post-13783","post","type-post","status-publish","format-standard","has-post-thumbnail","hentry","category-cidade"],"_links":{"self":[{"href":"https:\/\/tvc16.com\/portal\/wp-json\/wp\/v2\/posts\/13783","targetHints":{"allow":["GET"]}}],"collection":[{"href":"https:\/\/tvc16.com\/portal\/wp-json\/wp\/v2\/posts"}],"about":[{"href":"https:\/\/tvc16.com\/portal\/wp-json\/wp\/v2\/types\/post"}],"author":[{"embeddable":true,"href":"https:\/\/tvc16.com\/portal\/wp-json\/wp\/v2\/users\/2"}],"replies":[{"embeddable":true,"href":"https:\/\/tvc16.com\/portal\/wp-json\/wp\/v2\/comments?post=13783"}],"version-history":[{"count":1,"href":"https:\/\/tvc16.com\/portal\/wp-json\/wp\/v2\/posts\/13783\/revisions"}],"predecessor-version":[{"id":13785,"href":"https:\/\/tvc16.com\/portal\/wp-json\/wp\/v2\/posts\/13783\/revisions\/13785"}],"wp:featuredmedia":[{"embeddable":true,"href":"https:\/\/tvc16.com\/portal\/wp-json\/wp\/v2\/media\/13784"}],"wp:attachment":[{"href":"https:\/\/tvc16.com\/portal\/wp-json\/wp\/v2\/media?parent=13783"}],"wp:term":[{"taxonomy":"category","embeddable":true,"href":"https:\/\/tvc16.com\/portal\/wp-json\/wp\/v2\/categories?post=13783"},{"taxonomy":"post_tag","embeddable":true,"href":"https:\/\/tvc16.com\/portal\/wp-json\/wp\/v2\/tags?post=13783"}],"curies":[{"name":"wp","href":"https:\/\/api.w.org\/{rel}","templated":true}]}}