{"id":13789,"date":"2021-05-01T11:48:50","date_gmt":"2021-05-01T14:48:50","guid":{"rendered":"https:\/\/tvc16.com\/portal\/?p=13789"},"modified":"2021-05-01T11:48:52","modified_gmt":"2021-05-01T14:48:52","slug":"acao-simbolica-contra-a-volta-as-aulas","status":"publish","type":"post","link":"https:\/\/tvc16.com\/portal\/2021\/05\/01\/acao-simbolica-contra-a-volta-as-aulas\/","title":{"rendered":"A\u00e7\u00e3o simb\u00f3lica contra a volta \u00e0s aulas"},"content":{"rendered":"\n<p><\/p>\n\n\n\n<p>Nesta sexta-feira (30\/04) a UJS Petr\u00f3polis, em conjunto com diversos segmentos da sociedade como professores e estudantes, realizou uma a\u00e7\u00e3o simb\u00f3lica em frente a Prefeitura de Petr\u00f3polis contra a autoriza\u00e7\u00e3o de volta \u00e0s aulas emitida pelo Prefeito interino Hingo Hammes, na \u00faltima semana. Consideramos um grave erro autorizar o retorno \u00e0s aulas no m\u00eas com maior mortes pela covid-19 na cidade, com as taxas de ocupa\u00e7\u00e3o de leitos na casa dos 70% e com um total de zero profissionais da educa\u00e7\u00e3o vacinados. Segundo Guilherme Freitas, Presidente da UJS Petr\u00f3polis &#8220;A juventude e os estudantes se somam aos trabalhadores da educa\u00e7\u00e3o que repudiam essa decis\u00e3o do Prefeito feita de forma completamente arbitr\u00e1ria, contrariando o ac\u00famulo do Conselho Municipal de Educa\u00e7\u00e3o. Consideramos grave e perigosa para a vida da comunidade escolar o retorno desta forma.&#8221;<\/p>\n","protected":false},"excerpt":{"rendered":"<p>Nesta sexta-feira (30\/04) a UJS Petr\u00f3polis, em conjunto com diversos segmentos da sociedade como professores<\/p>\n","protected":false},"author":2,"featured_media":13790,"comment_status":"open","ping_status":"open","sticky":false,"template":"","format":"standard","meta":{"footnotes":""},"categories":[12],"tags":[],"class_list":["post-13789","post","type-post","status-publish","format-standard","has-post-thumbnail","hentry","category-cidade"],"_links":{"self":[{"href":"https:\/\/tvc16.com\/portal\/wp-json\/wp\/v2\/posts\/13789","targetHints":{"allow":["GET"]}}],"collection":[{"href":"https:\/\/tvc16.com\/portal\/wp-json\/wp\/v2\/posts"}],"about":[{"href":"https:\/\/tvc16.com\/portal\/wp-json\/wp\/v2\/types\/post"}],"author":[{"embeddable":true,"href":"https:\/\/tvc16.com\/portal\/wp-json\/wp\/v2\/users\/2"}],"replies":[{"embeddable":true,"href":"https:\/\/tvc16.com\/portal\/wp-json\/wp\/v2\/comments?post=13789"}],"version-history":[{"count":1,"href":"https:\/\/tvc16.com\/portal\/wp-json\/wp\/v2\/posts\/13789\/revisions"}],"predecessor-version":[{"id":13791,"href":"https:\/\/tvc16.com\/portal\/wp-json\/wp\/v2\/posts\/13789\/revisions\/13791"}],"wp:featuredmedia":[{"embeddable":true,"href":"https:\/\/tvc16.com\/portal\/wp-json\/wp\/v2\/media\/13790"}],"wp:attachment":[{"href":"https:\/\/tvc16.com\/portal\/wp-json\/wp\/v2\/media?parent=13789"}],"wp:term":[{"taxonomy":"category","embeddable":true,"href":"https:\/\/tvc16.com\/portal\/wp-json\/wp\/v2\/categories?post=13789"},{"taxonomy":"post_tag","embeddable":true,"href":"https:\/\/tvc16.com\/portal\/wp-json\/wp\/v2\/tags?post=13789"}],"curies":[{"name":"wp","href":"https:\/\/api.w.org\/{rel}","templated":true}]}}