{"id":13792,"date":"2021-05-01T15:30:34","date_gmt":"2021-05-01T18:30:34","guid":{"rendered":"https:\/\/tvc16.com\/portal\/?p=13792"},"modified":"2021-05-01T15:30:36","modified_gmt":"2021-05-01T18:30:36","slug":"ate-02-05-programa-de-estagio-da-firjan-esta-com-inscricoes-abertas-para-cursos-tecnicos-e-universitarios","status":"publish","type":"post","link":"https:\/\/tvc16.com\/portal\/2021\/05\/01\/ate-02-05-programa-de-estagio-da-firjan-esta-com-inscricoes-abertas-para-cursos-tecnicos-e-universitarios\/","title":{"rendered":"At\u00e9 02\/05: Programa de Est\u00e1gio da Firjan est\u00e1 com inscri\u00e7\u00f5es abertas para cursos t\u00e9cnicos e universit\u00e1rios"},"content":{"rendered":"\n<p><\/p>\n\n\n\n<p><strong>As oportunidades s\u00e3o para diversas \u00e1reas de atua\u00e7\u00e3o como Comunica\u00e7\u00e3o, Educa\u00e7\u00e3o, G\u00e1s e Naval, Jur\u00eddico,&nbsp;<\/strong><strong>Sa\u00fade e Seguran\u00e7a do Trabalho, e&nbsp;<\/strong><strong>Gest\u00e3o de Pessoas.<\/strong><\/p>\n\n\n\n<p>Rio de Janeiro, 29 de abril de 2021<\/p>\n\n\n\n<p>Vagas para estudantes de diversas \u00e1reas, em uma grande empresa com todas as \u00e1reas eleg\u00edveis, \u00e9 o que oferece o&nbsp;<strong>Novo Programa de Est\u00e1gio 2021 da Firjan<\/strong>&nbsp;para alunos da \u00e1rea t\u00e9cnica e do ensino universit\u00e1rio. Com inscri\u00e7\u00f5es abertas at\u00e9 o dia 02\/05, o est\u00e1gio tem dura\u00e7\u00e3o de seis meses a dois anos e carga hor\u00e1ria de quatro ou seis horas di\u00e1rias, com benef\u00edcios que incluem bolsa-aux\u00edlio, vale-refei\u00e7\u00e3o, aux\u00edlio-transporte, seguro de vida e recesso. O processo de sele\u00e7\u00e3o do programa come\u00e7a com a inscri\u00e7\u00e3o on-line no site da Firjan &nbsp;<a rel=\"noreferrer noopener\" target=\"_blank\" href=\"https:\/\/nam02.safelinks.protection.outlook.com\/?url=http%3A%2F%2Fwww.firjan.com.br%2Fprogramadeestagio&amp;data=04%7C01%7CCFARAUJO%40firjan.com.br%7C96fc09a7a05e4ffe9a3e08d90b22189b%7Cd0c698d4e4ea4ee9a79df2d7a78399c8%7C0%7C0%7C637553063357183390%7CUnknown%7CTWFpbGZsb3d8eyJWIjoiMC4wLjAwMDAiLCJQIjoiV2luMzIiLCJBTiI6Ik1haWwiLCJXVCI6Mn0%3D%7C1000&amp;sdata=JD%2F%2FPA%2FhoCj%2FTdNFFOQz0m0c27KB%2B6C31AWKlihj2fc%3D&amp;reserved=0\">www.firjan.com.br\/programadeestagio<\/a>, seguida de entrevistas individuais, resolu\u00e7\u00e3o de cases, conversa de alinhamento e painel final.<\/p>\n\n\n\n<p>Estudantes de cursos t\u00e9cnicos, inclui tamb\u00e9m os mais de 20 cursos da Firjan SENAI, e universit\u00e1rios est\u00e3o aptos a entrar no Programa de Est\u00e1gio, que engloba diversas \u00e1reas de atua\u00e7\u00e3o: Competitividade; Comunica\u00e7\u00e3o; Desenvolvimento e Inova\u00e7\u00e3o; Educa\u00e7\u00e3o; Gest\u00e3o de Pessoas; Integridade Corporativa; Jur\u00eddico; Neg\u00f3cios; Petr\u00f3leo, G\u00e1s e Naval; Planejamento e Finan\u00e7as; Planejamento Estrat\u00e9gico; Relacionamento; Rela\u00e7\u00f5es Institucionais; Sa\u00fade e Seguran\u00e7a do Trabalho; Suprimentos e Servi\u00e7os; Tecnologia da Informa\u00e7\u00e3o; e Tecnologia e Inova\u00e7\u00e3o.<\/p>\n\n\n\n<p>O objetivo do programa, previsto para come\u00e7ar a partir de junho, \u00e9 levar aos estudantes a oportunidade de complementar a sua forma\u00e7\u00e3o escolar, por meio de experi\u00eancias profissionais e de a\u00e7\u00f5es de desenvolvimento que promovam o aperfei\u00e7oamento t\u00e9cnico, cultural e de relacionamento humano.<\/p>\n\n\n\n<p>\u201cO Programa de Est\u00e1gio da Firjan contribui na forma\u00e7\u00e3o de novas gera\u00e7\u00f5es de profissionais e a criar e manter um esp\u00edrito de renova\u00e7\u00e3o, de oxigena\u00e7\u00e3o permanente para a Firjan e para as empresas, que posteriormente aproveitam nossos estagi\u00e1rios\u201d, enfatiza Delmo Meireles, gerente de Sele\u00e7\u00e3o e Administra\u00e7\u00e3o de Pessoal da Firjan.<\/p>\n\n\n\n<p><strong>Desenvolvimento<\/strong><\/p>\n\n\n\n<p>Para permitir um acompanhamento mais pr\u00f3ximo do estagi\u00e1rio, o novo programa prev\u00ea a realiza\u00e7\u00e3o de uma trilha de desenvolvimento, ou seja, momentos de capacita\u00e7\u00e3o sobre as tem\u00e1ticas mais atuais para o profissional; roteiriza\u00e7\u00e3o de eventos, abordando fatores t\u00e9cnicos da forma\u00e7\u00e3o acad\u00eamica universit\u00e1ria ou da escola t\u00e9cnica; e a cria\u00e7\u00e3o da liga dos estagi\u00e1rios, um canal de comunica\u00e7\u00e3o para discuss\u00e3o e sugest\u00f5es, at\u00e9 mesmo de rodas de di\u00e1logo com executivos da federa\u00e7\u00e3o.<\/p>\n\n\n\n<p>Meireles chama a aten\u00e7\u00e3o para o fato de o est\u00e1gio ser totalmente pr\u00e1tico, e o jovem se envolver em todas as tarefas. \u201cOs estagi\u00e1rios t\u00eam a oportunidade de vivenciar o dia a dia da profiss\u00e3o, por meio de experi\u00eancias pr\u00e1ticas, participando ativamente da rotina, dos processos e dos projetos da empresa\u201d, acrescenta.<\/p>\n\n\n\n<p>Roberta Pires Aguirre \u00e9 a mais nova estagi\u00e1ria do Laborat\u00f3rio de Microbiologia da institui\u00e7\u00e3o, na Tijuca. H\u00e1 pouco mais de um m\u00eas no novo trabalho, ela afirma que j\u00e1 acumula alguma pr\u00e1tica. \u201cEstou fazendo an\u00e1lises e contagem de bact\u00e9rias e de fungos, por exemplo, que s\u00e3o experi\u00eancias novas e agregam muito valor, ainda mais adquiridas na Firjan, uma institui\u00e7\u00e3o reconhecida\u201d, destaca ela, que estuda para ser t\u00e9cnica em Qu\u00edmica.<\/p>\n\n\n\n<p>O est\u00e1gio para o n\u00edvel t\u00e9cnico tem carga hor\u00e1ria de 20 horas semanais (4 horas di\u00e1rias) e o aluno deve se formar entre os meses de julho e dezembro de 2022. J\u00e1 a carga hor\u00e1ria para o n\u00edvel superior \u00e9 de 20 horas ou 30 horas semanais (4 horas ou 6 horas di\u00e1rias) para estudantes a partir do 3\u00ba per\u00edodo da faculdade, com formatura prevista para julho de 2023.<\/p>\n\n\n\n<p>Mais informa\u00e7\u00f5es e inscri\u00e7\u00f5es no site da Firjan:&nbsp;<a rel=\"noreferrer noopener\" target=\"_blank\" href=\"https:\/\/nam02.safelinks.protection.outlook.com\/?url=http%3A%2F%2Fwww.firjan.com.br%2Fprogramadeestagio&amp;data=04%7C01%7CCFARAUJO%40firjan.com.br%7C96fc09a7a05e4ffe9a3e08d90b22189b%7Cd0c698d4e4ea4ee9a79df2d7a78399c8%7C0%7C0%7C637553063357183390%7CUnknown%7CTWFpbGZsb3d8eyJWIjoiMC4wLjAwMDAiLCJQIjoiV2luMzIiLCJBTiI6Ik1haWwiLCJXVCI6Mn0%3D%7C1000&amp;sdata=JD%2F%2FPA%2FhoCj%2FTdNFFOQz0m0c27KB%2B6C31AWKlihj2fc%3D&amp;reserved=0\">www.firjan.com.br\/programadeestagio<\/a><\/p>\n","protected":false},"excerpt":{"rendered":"<p>As oportunidades s\u00e3o para diversas \u00e1reas de atua\u00e7\u00e3o como Comunica\u00e7\u00e3o, Educa\u00e7\u00e3o, G\u00e1s e Naval, Jur\u00eddico,&nbsp;Sa\u00fade<\/p>\n","protected":false},"author":2,"featured_media":13793,"comment_status":"open","ping_status":"open","sticky":false,"template":"","format":"standard","meta":{"footnotes":""},"categories":[17],"tags":[],"class_list":["post-13792","post","type-post","status-publish","format-standard","has-post-thumbnail","hentry","category-outras-noticias"],"_links":{"self":[{"href":"https:\/\/tvc16.com\/portal\/wp-json\/wp\/v2\/posts\/13792","targetHints":{"allow":["GET"]}}],"collection":[{"href":"https:\/\/tvc16.com\/portal\/wp-json\/wp\/v2\/posts"}],"about":[{"href":"https:\/\/tvc16.com\/portal\/wp-json\/wp\/v2\/types\/post"}],"author":[{"embeddable":true,"href":"https:\/\/tvc16.com\/portal\/wp-json\/wp\/v2\/users\/2"}],"replies":[{"embeddable":true,"href":"https:\/\/tvc16.com\/portal\/wp-json\/wp\/v2\/comments?post=13792"}],"version-history":[{"count":1,"href":"https:\/\/tvc16.com\/portal\/wp-json\/wp\/v2\/posts\/13792\/revisions"}],"predecessor-version":[{"id":13794,"href":"https:\/\/tvc16.com\/portal\/wp-json\/wp\/v2\/posts\/13792\/revisions\/13794"}],"wp:featuredmedia":[{"embeddable":true,"href":"https:\/\/tvc16.com\/portal\/wp-json\/wp\/v2\/media\/13793"}],"wp:attachment":[{"href":"https:\/\/tvc16.com\/portal\/wp-json\/wp\/v2\/media?parent=13792"}],"wp:term":[{"taxonomy":"category","embeddable":true,"href":"https:\/\/tvc16.com\/portal\/wp-json\/wp\/v2\/categories?post=13792"},{"taxonomy":"post_tag","embeddable":true,"href":"https:\/\/tvc16.com\/portal\/wp-json\/wp\/v2\/tags?post=13792"}],"curies":[{"name":"wp","href":"https:\/\/api.w.org\/{rel}","templated":true}]}}