{"id":13797,"date":"2021-05-02T20:09:20","date_gmt":"2021-05-02T23:09:20","guid":{"rendered":"https:\/\/tvc16.com\/portal\/?p=13797"},"modified":"2021-05-02T20:09:22","modified_gmt":"2021-05-02T23:09:22","slug":"a-campanha-de-vacinacao-contra-a-covid-19-prossegue-nesta-semana-em-nova-iguacu","status":"publish","type":"post","link":"https:\/\/tvc16.com\/portal\/2021\/05\/02\/a-campanha-de-vacinacao-contra-a-covid-19-prossegue-nesta-semana-em-nova-iguacu\/","title":{"rendered":"A campanha de vacina\u00e7\u00e3o contra a Covid-19 prossegue nesta semana em Nova Igua\u00e7u"},"content":{"rendered":"\n<p>A Prefeitura ir\u00e1 aplicar a primeira dose do imunizante em pessoas com comorbidades entre 54 e 56 anos e tamb\u00e9m nos profissionais da educa\u00e7\u00e3o desta mesma faixa et\u00e1ria, seguindo o Plano Nacional de Imuniza\u00e7\u00e3o, do Minist\u00e9rio da Sa\u00fade. No s\u00e1bado (1\u00ba), a Prefeitura de Nova Igua\u00e7u recebeu 21.400 doses de AstraZeneca. At\u00e9 agora, a Secretaria Municipal de Sa\u00fade j\u00e1 aplicou 175.657 doses contra a Covid-19.<\/p>\n\n\n\n<p>A vacina\u00e7\u00e3o de pessoas com comorbidades ser\u00e1 feita da seguinte forma. Nesta segunda-feira (3), mulheres de 56 anos. Na ter\u00e7a-feira (4), ser\u00e3o homens desta mesma faixa et\u00e1ria. Na quarta-feira (5), ser\u00e3o imunizadas as mulheres com 55 anos. No dia seguinte, homens da mesma idade. As mulheres de 54 anos ser\u00e3o vacinadas na sexta-feira (7), enquanto os homens de 54 anos dever\u00e3o receber o imunizante no s\u00e1bado (8). A mesma divis\u00e3o di\u00e1ria por g\u00eanero e idade vale para os profissionais da educa\u00e7\u00e3o.<\/p>\n\n\n\n<p>Idosos com 60 anos ou mais e profissionais da sa\u00fade acima de 26 anos que ainda n\u00e3o foram vacinados devem buscar atendimento em um dos 22 pontos de imuniza\u00e7\u00e3o dispon\u00edveis no munic\u00edpio.&nbsp;<\/p>\n\n\n\n<p>J\u00e1 a aplica\u00e7\u00e3o da segunda dose ser\u00e1 feita da seguinte maneira. Pessoas que foram vacinadas com a AstraZeneca (cart\u00e3o laranja) at\u00e9 o dia 10 de mar\u00e7o receber\u00e3o a imuniza\u00e7\u00e3o completa ao longo da semana, respeitando a divis\u00e3o do calend\u00e1rio por g\u00eanero. Homens e mulheres que foram imunizados com a Coronavac\/Sinovac no dia 7 de abril, receber\u00e3o a segunda dose nesta segunda-feira (3). Vale lembrar que a vacina\u00e7\u00e3o \u00e9 apenas para moradores da cidade. \u00c9 preciso levar a caderneta de vacina\u00e7\u00e3o (azul) e um documento oficial com foto para ser atendido.<\/p>\n\n\n\n<p>O hor\u00e1rio de funcionamento da campanha \u00e9 das 8h30 \u00e0s 16h, com exce\u00e7\u00e3o aos s\u00e1bados, que vai at\u00e9 \u00e0s 14h. A lista completa com os endere\u00e7os dos postos de vacina\u00e7\u00e3o contra a Covid-19 e o calend\u00e1rio de imuniza\u00e7\u00e3o est\u00e3o em: <a rel=\"noreferrer noopener\" target=\"_blank\" href=\"http:\/\/www.novaiguacu.rj.gov.br\/semus\/vacinacao-covid\/calendario\/\">www.novaiguacu.rj.gov.br\/semus\/vacinacao-covid\/calendario\/<\/a><\/p>\n\n\n\n<p>Os pertencentes ao grupo de comorbidades s\u00e3o portadores de diabetes, pneumopatias cr\u00f4nicas graves, hipertens\u00e3o arterial (est\u00e1gios 1,2 e 3), insufici\u00eancia card\u00edaca, hipertens\u00e3o pulmonar, cardiopatia hipertensiva, s\u00edndromes coronarianas, valvopatias, miocardiopatias, pericardiopatias, arritmias card\u00edacas, cardiopatias cong\u00eanitas no adulto, doen\u00e7a cerebrovascular, doen\u00e7a renal cr\u00f4nica, imunossuprimidos, anemia falciforme, obesidade m\u00f3rbida, s\u00edndrome de Down, cirrose hep\u00e1tica, portadores de pr\u00f3teses valores, portadores de dispositivos card\u00edacos implantados, al\u00e9m de doen\u00e7a da aorta, dos grandes vasos e f\u00edstulas arteriovenosas.<\/p>\n\n\n\n<p>Para serem vacinadas, as pessoas com comorbidades devem apresentar comprovante assinado por m\u00e9dico, contendo assinatura e registro no conselho de classe, que demonstre pertencer a um destes grupos de comorbidades; documento de Identidade com foto; CPF ou Cart\u00e3o Nacional de Sa\u00fade; Comprovante de Resid\u00eancia, tr\u00eas \u00faltimas receitas, com validade m\u00e1xima de seis meses.<\/p>\n\n\n\n<p>J\u00e1 os profissionais de educa\u00e7\u00e3o &#8211; professores, pessoal administrativo, merendeiras, pessoal de apoio (serventes e vigias) &#8211; devem estar com carteira de identidade com foto; CPF ou Cart\u00e3o Nacional de Sa\u00fade; tr\u00eas \u00faltimos contracheques de institui\u00e7\u00e3o de ensino localizada em Nova Igua\u00e7u no ato da vacina\u00e7\u00e3o.<\/p>\n","protected":false},"excerpt":{"rendered":"<p>A Prefeitura ir\u00e1 aplicar a primeira dose do imunizante em pessoas com comorbidades entre 54<\/p>\n","protected":false},"author":2,"featured_media":13592,"comment_status":"open","ping_status":"open","sticky":false,"template":"","format":"standard","meta":{"footnotes":""},"categories":[17],"tags":[],"class_list":["post-13797","post","type-post","status-publish","format-standard","has-post-thumbnail","hentry","category-outras-noticias"],"_links":{"self":[{"href":"https:\/\/tvc16.com\/portal\/wp-json\/wp\/v2\/posts\/13797","targetHints":{"allow":["GET"]}}],"collection":[{"href":"https:\/\/tvc16.com\/portal\/wp-json\/wp\/v2\/posts"}],"about":[{"href":"https:\/\/tvc16.com\/portal\/wp-json\/wp\/v2\/types\/post"}],"author":[{"embeddable":true,"href":"https:\/\/tvc16.com\/portal\/wp-json\/wp\/v2\/users\/2"}],"replies":[{"embeddable":true,"href":"https:\/\/tvc16.com\/portal\/wp-json\/wp\/v2\/comments?post=13797"}],"version-history":[{"count":1,"href":"https:\/\/tvc16.com\/portal\/wp-json\/wp\/v2\/posts\/13797\/revisions"}],"predecessor-version":[{"id":13798,"href":"https:\/\/tvc16.com\/portal\/wp-json\/wp\/v2\/posts\/13797\/revisions\/13798"}],"wp:featuredmedia":[{"embeddable":true,"href":"https:\/\/tvc16.com\/portal\/wp-json\/wp\/v2\/media\/13592"}],"wp:attachment":[{"href":"https:\/\/tvc16.com\/portal\/wp-json\/wp\/v2\/media?parent=13797"}],"wp:term":[{"taxonomy":"category","embeddable":true,"href":"https:\/\/tvc16.com\/portal\/wp-json\/wp\/v2\/categories?post=13797"},{"taxonomy":"post_tag","embeddable":true,"href":"https:\/\/tvc16.com\/portal\/wp-json\/wp\/v2\/tags?post=13797"}],"curies":[{"name":"wp","href":"https:\/\/api.w.org\/{rel}","templated":true}]}}