{"id":13802,"date":"2021-05-02T20:16:51","date_gmt":"2021-05-02T23:16:51","guid":{"rendered":"https:\/\/tvc16.com\/portal\/?p=13802"},"modified":"2021-05-02T20:16:53","modified_gmt":"2021-05-02T23:16:53","slug":"pesquisa-revela-que-21-mil-pessoas-pegaram-covid-19-em-ambientes-de-trabalho-em-2020","status":"publish","type":"post","link":"https:\/\/tvc16.com\/portal\/2021\/05\/02\/pesquisa-revela-que-21-mil-pessoas-pegaram-covid-19-em-ambientes-de-trabalho-em-2020\/","title":{"rendered":"Pesquisa revela que 21 mil pessoas pegaram covid-19 em ambientes de trabalho em 2020"},"content":{"rendered":"\n<p>Minist\u00e9rio P\u00fablico do Trabalho vai realizar campanha de redu\u00e7\u00e3o de risco de infec\u00e7\u00e3o por Covid-19 no trabalho<\/p>\n\n\n\n<p>De acordo com o Observat\u00f3rio Digital de Seguran\u00e7a e Sa\u00fade no Trabalho, 21 mil trabalhadores se infectaram por Covid-19 exercendo tarefas em seu ambiente de trabalho em 2020. A pesquisa \u00e9 uma parceria entre a Organiza\u00e7\u00e3o Internacional do Trabalho (OIT) e do Minist\u00e9rio P\u00fablico do Trabalho (MPT).&nbsp;<\/p>\n\n\n\n<p>Os n\u00fameros foram revelados neste m\u00eas pois se comemora o Abril Verde e, durante esse per\u00edodo, o Minist\u00e9rio P\u00fablico do Trabalho vai realizar campanha de redu\u00e7\u00e3o de risco de infec\u00e7\u00e3o por Covid-19 nos ambientes de trabalho. O minist\u00e9rio tamb\u00e9m pede que os empregadores tomem medidas de prote\u00e7\u00e3o, como testagem peri\u00f3dica de trabalhadores e o afastamento daqueles com ao menos um sintoma relacionado \u00e0 doen\u00e7a e de empregados que tenham tido contato com prov\u00e1vel infectado.<\/p>\n\n\n\n<p>Al\u00e9m disso, o MPT defende que os empregadores tenham vis\u00e3o ampla do ambiente de trabalho, principalmente onde funcionam aparelhos de ar condicionado.<\/p>\n\n\n\n<p>Fonte: <a href=\"https:\/\/brasil61.com\/noticias\/pesquisa-revela-que-21-mil-pessoas-pegaram-covid-19-em-ambientes-de-trabalho-em-2020-bras214767?email=bethdeoliveira@yahoo.com.br&amp;utm_source=newsletter&amp;utm_medium=newsletter&amp;utm_campaign=newsletter\" target=\"_blank\" rel=\"noreferrer noopener\">Brasil 61<\/a><\/p>\n","protected":false},"excerpt":{"rendered":"<p>Minist\u00e9rio P\u00fablico do Trabalho vai realizar campanha de redu\u00e7\u00e3o de risco de infec\u00e7\u00e3o por Covid-19<\/p>\n","protected":false},"author":2,"featured_media":13803,"comment_status":"open","ping_status":"open","sticky":false,"template":"","format":"standard","meta":{"footnotes":""},"categories":[17],"tags":[],"class_list":["post-13802","post","type-post","status-publish","format-standard","has-post-thumbnail","hentry","category-outras-noticias"],"_links":{"self":[{"href":"https:\/\/tvc16.com\/portal\/wp-json\/wp\/v2\/posts\/13802","targetHints":{"allow":["GET"]}}],"collection":[{"href":"https:\/\/tvc16.com\/portal\/wp-json\/wp\/v2\/posts"}],"about":[{"href":"https:\/\/tvc16.com\/portal\/wp-json\/wp\/v2\/types\/post"}],"author":[{"embeddable":true,"href":"https:\/\/tvc16.com\/portal\/wp-json\/wp\/v2\/users\/2"}],"replies":[{"embeddable":true,"href":"https:\/\/tvc16.com\/portal\/wp-json\/wp\/v2\/comments?post=13802"}],"version-history":[{"count":1,"href":"https:\/\/tvc16.com\/portal\/wp-json\/wp\/v2\/posts\/13802\/revisions"}],"predecessor-version":[{"id":13804,"href":"https:\/\/tvc16.com\/portal\/wp-json\/wp\/v2\/posts\/13802\/revisions\/13804"}],"wp:featuredmedia":[{"embeddable":true,"href":"https:\/\/tvc16.com\/portal\/wp-json\/wp\/v2\/media\/13803"}],"wp:attachment":[{"href":"https:\/\/tvc16.com\/portal\/wp-json\/wp\/v2\/media?parent=13802"}],"wp:term":[{"taxonomy":"category","embeddable":true,"href":"https:\/\/tvc16.com\/portal\/wp-json\/wp\/v2\/categories?post=13802"},{"taxonomy":"post_tag","embeddable":true,"href":"https:\/\/tvc16.com\/portal\/wp-json\/wp\/v2\/tags?post=13802"}],"curies":[{"name":"wp","href":"https:\/\/api.w.org\/{rel}","templated":true}]}}