{"id":13806,"date":"2021-05-02T20:22:39","date_gmt":"2021-05-02T23:22:39","guid":{"rendered":"https:\/\/tvc16.com\/portal\/?p=13806"},"modified":"2021-05-02T20:22:42","modified_gmt":"2021-05-02T23:22:42","slug":"em-petropolis-selo-escola-segura-e-obrigatorio-para-inicio-das-aulas-no-modelo-hibrido-com-aulas-online-e-presenciais","status":"publish","type":"post","link":"https:\/\/tvc16.com\/portal\/2021\/05\/02\/em-petropolis-selo-escola-segura-e-obrigatorio-para-inicio-das-aulas-no-modelo-hibrido-com-aulas-online-e-presenciais\/","title":{"rendered":"Em Petr\u00f3polis, Selo Escola Segura \u00e9 obrigat\u00f3rio para in\u00edcio das aulas no modelo h\u00edbrido (com aulas online e presenciais)"},"content":{"rendered":"\n<p><\/p>\n\n\n\n<p>Escolas p\u00fablicas e privadas de Petr\u00f3polis s\u00f3 poder\u00e3o iniciar as aulas no sistema h\u00edbrido com o Selo Escola Segura. A medida, fois publicada no Di\u00e1rio Oficial desta sexta-feira (30) e visa a seguran\u00e7a de alunos e equipes da Educa\u00e7\u00e3o, uma vez que algumas escolas vistoriadas ainda n\u00e3o estavam adequadas, atendendo os requisitos exigidos pela Comiss\u00e3o de Vistoria, formada por representantes da Vigil\u00e2ncia Sanit\u00e1ria, Secretaria de Educa\u00e7\u00e3o e grupo de trabalho. At\u00e9 agora, das 30 escolas vistoriadas, 22 atenderam as exig\u00eancias e est\u00e3o recebendo o selo de Escola Segura.<\/p>\n\n\n\n<p>Nesta segunda-feira, 3 de maio, poder\u00e1 iniciar a aula no sistema h\u00edbrido apenas o 3\u00ba ano do Ensino M\u00e9dio da rede municipal, no Liceu Municipal Prefeito Cordolino Ambr\u00f3sio. Na rede privada, estar\u00e3o liberadas para funcionar as turmas do 3\u00ba ano do Ensino M\u00e9dio e 1\u00aa ano do Ensino Fundamental. Em ambos os casos, s\u00f3 ser\u00e3o autorizadas a receber alunos \u2013 respeitando o distanciamento de 1,5 metro e o limite m\u00e1ximo de 50% do n\u00famero de alunos da turma \u2013 as unidades de ensino aprovadas na vistoria, e que garantiram o selo de seguran\u00e7a.<\/p>\n\n\n\n<p>A op\u00e7\u00e3o pelo sistema h\u00edbrido n\u00e3o \u00e9 obrigat\u00f3ria, ou seja, os pais e\/ou respons\u00e1veis que preferirem poder\u00e3o manter os estudantes apenas com ensino remoto, como acontece atualmente.<\/p>\n\n\n\n<p>A retomada das aulas ser\u00e1 gradual, respeitando calend\u00e1rio que prev\u00ea intervalos de no m\u00ednimo uma semana entre cada etapa da flexibiliza\u00e7\u00e3o. No caso da rede municipal, onde as aulas ser\u00e3o iniciadas pelo Liceu Municipal Prefeito Cordolino Ambr\u00f3sio, a reabertura come\u00e7a pelo 3\u00ba ano do Ensino M\u00e9dio e avan\u00e7a para o 2\u00ba ano do Ensino M\u00e9dio ap\u00f3s 15 dias. A previs\u00e3o \u00e9 que sete dias depois seja autorizado o in\u00edcio das aulas para turmas do 1\u00ba ano do Ensino M\u00e9dio. Ap\u00f3s esta fase ser\u00e3o iniciadas as etapas de flexibiliza\u00e7\u00e3o para turmas do Ensino Fundamental e Educa\u00e7\u00e3o de Jovens e Adultos e, posteriormente, Educa\u00e7\u00e3o Infantil.<\/p>\n\n\n\n<p>Na rede privada a retomada ser\u00e1 feita tamb\u00e9m de forma escalonada, come\u00e7ando, na pr\u00f3xima semana, para turmas do 3\u00ba ano do Ensino M\u00e9dio e 1\u00ba ano do Ensino Fundamental. A partir da\u00ed, a flexibiliza\u00e7\u00e3o ser\u00e1 semanal, com libera\u00e7\u00e3o de duas s\u00e9ries em cada etapa: 2\u00ba ano do Ensino M\u00e9dio e 2\u00ba ano do Ensino Fundamental na semana 2 (iniciada no dia 10\/05); 1\u00ba ano do Ensino M\u00e9dio e 3\u00ba ano do Ensino Fundamental na semana 3 (iniciada em 17\/5); 4\u00ba ano e 9\u00ba ano do Ensino Fundamental na semana 4 (iniciada no dia 24\/5); 5\u00ba ano e 8\u00ba ano do Ensino Fundamental na semana 5 (iniciada no dia 31\/5); e 6\u00ba ano e 7\u00ba ano do Ensino Fundamental na semana 6 (iniciada no dia 7\/6). A Educa\u00e7\u00e3o Infantil ser\u00e1 autorizada a iniciar o per\u00edodo de adapta\u00e7\u00e3o, com atendimento individual, na semana 3, e dever\u00e1 ser autorizada a funcionar, respeitando a mesma limita\u00e7\u00e3o de alunos imposta \u00e0s demais s\u00e9ries, na semana 7 (iniciada no dia 14).<\/p>\n\n\n\n<p>Escolas que ainda n\u00e3o solicitaram a vistoria devem entrar em contato com a Secretaria Municipal de Educa\u00e7\u00e3o pelo e-mail seesupervisao@gmail.com ou pelo telefone 2246-8675.<\/p>\n\n\n\n<p><em>RELA\u00c7\u00c3O DE ESCOLAS QUE J\u00c1 T\u00caM O SELO<\/em><\/p>\n\n\n\n<p>*As unidades t\u00eam autonomia para definir a data de retorno.<br>Col\u00e9gio Pensi<br>Col\u00e9gio Ipiranga<br>Instituto Metodista de Petr\u00f3polis<br>Col\u00e9gio Aplica\u00e7\u00e3o<br>CIEP Cec\u00edlia Meirelles<br>Semin\u00e1rio Educacional Diocesano<br>Col\u00e9gio Din\u00e2mico<br>Escola Estadual de Araras<br>Col\u00e9gio Estadual Irm\u00e3 Cec\u00edlia Jardim<br>Liceu Municipal Prefeito Cordolino Ambr\u00f3sio<br>Ipae<br>Col\u00e9gio Chapeuzinho Vermelho<br>Bom Jesus<br>Col\u00e9gio Alaor<br>PRW<br>Col\u00e9gio Imperador<br>Col\u00e9gio F\u00eanix<br>SESI<br>Col\u00e9gio Santa Isabel<br>Crescer<br>Unicrian\u00e7a<br>Col\u00e9gio S\u00e3o Tom\u00e1s de Aquino<\/p>\n\n\n\n<p>*Outras unidades, al\u00e9m destas, est\u00e3o em fase de regulariza\u00e7\u00e3o de pend\u00eancias e podem obter o selo t\u00e3o logo fizerem as adequa\u00e7\u00f5es necess\u00e1rias.<\/p>\n","protected":false},"excerpt":{"rendered":"<p>Escolas p\u00fablicas e privadas de Petr\u00f3polis s\u00f3 poder\u00e3o iniciar as aulas no sistema h\u00edbrido com<\/p>\n","protected":false},"author":2,"featured_media":13807,"comment_status":"open","ping_status":"open","sticky":false,"template":"","format":"standard","meta":{"footnotes":""},"categories":[12],"tags":[],"class_list":["post-13806","post","type-post","status-publish","format-standard","has-post-thumbnail","hentry","category-cidade"],"_links":{"self":[{"href":"https:\/\/tvc16.com\/portal\/wp-json\/wp\/v2\/posts\/13806","targetHints":{"allow":["GET"]}}],"collection":[{"href":"https:\/\/tvc16.com\/portal\/wp-json\/wp\/v2\/posts"}],"about":[{"href":"https:\/\/tvc16.com\/portal\/wp-json\/wp\/v2\/types\/post"}],"author":[{"embeddable":true,"href":"https:\/\/tvc16.com\/portal\/wp-json\/wp\/v2\/users\/2"}],"replies":[{"embeddable":true,"href":"https:\/\/tvc16.com\/portal\/wp-json\/wp\/v2\/comments?post=13806"}],"version-history":[{"count":1,"href":"https:\/\/tvc16.com\/portal\/wp-json\/wp\/v2\/posts\/13806\/revisions"}],"predecessor-version":[{"id":13808,"href":"https:\/\/tvc16.com\/portal\/wp-json\/wp\/v2\/posts\/13806\/revisions\/13808"}],"wp:featuredmedia":[{"embeddable":true,"href":"https:\/\/tvc16.com\/portal\/wp-json\/wp\/v2\/media\/13807"}],"wp:attachment":[{"href":"https:\/\/tvc16.com\/portal\/wp-json\/wp\/v2\/media?parent=13806"}],"wp:term":[{"taxonomy":"category","embeddable":true,"href":"https:\/\/tvc16.com\/portal\/wp-json\/wp\/v2\/categories?post=13806"},{"taxonomy":"post_tag","embeddable":true,"href":"https:\/\/tvc16.com\/portal\/wp-json\/wp\/v2\/tags?post=13806"}],"curies":[{"name":"wp","href":"https:\/\/api.w.org\/{rel}","templated":true}]}}