{"id":13809,"date":"2021-05-02T20:28:07","date_gmt":"2021-05-02T23:28:07","guid":{"rendered":"https:\/\/tvc16.com\/portal\/?p=13809"},"modified":"2021-05-02T20:28:09","modified_gmt":"2021-05-02T23:28:09","slug":"claudio-castro-vou-trabalhar-especialmente-para-quem-mais-precisa-para-quem-tem-mais-urgencia-para-os-mais-vulneraveis","status":"publish","type":"post","link":"https:\/\/tvc16.com\/portal\/2021\/05\/02\/claudio-castro-vou-trabalhar-especialmente-para-quem-mais-precisa-para-quem-tem-mais-urgencia-para-os-mais-vulneraveis\/","title":{"rendered":"Cl\u00e1udio Castro: \u201cVou trabalhar especialmente para quem mais precisa, para quem tem mais urg\u00eancia, para os mais vulner\u00e1veis\u201d"},"content":{"rendered":"\n<p><em>Governador destaca planos para gerar empregos e enfrentar a pandemia<br><\/em><br>\u201cVou trabalhar especialmente para quem mais precisa, para quem tem mais urg\u00eancia, para os mais vulner\u00e1veis\u201d. Foi com esta frase que o governador Cl\u00e1udio Castro iniciou o primeiro pronunciamento no Pal\u00e1cio Guanabara, neste s\u00e1bado (01\/05), ap\u00f3s ser empossado na Assembleia Legislativa do Rio de Janeiro (Alerj). Na cerim\u00f4nia, realizada na sede administrativa do Governo do Estado, Castro se solidarizou com as cerca de 44 mil v\u00edtimas da Covid-19 no estado e enfatizou que o enfrentamento \u00e0 pandemia segue como prioridade durante a gest\u00e3o.<\/p>\n\n\n\n<p>&#8211; \u00c9 meu compromisso criar ou intensificar pol\u00edticas p\u00fablicas para alcan\u00e7ar aquele que tem sofrido os impactos mais duros deixados pela pandemia da Covid-19. Seja pela perda de um parente, e aqui me solidarizo com as mais de 44 mil fam\u00edlias fluminenses que se despediram de algu\u00e9m especial; seja pela perda do emprego por conta da crise econ\u00f4mica; ou para quem se sente sem apoio para recome\u00e7ar. \u00c9 para essa popula\u00e7\u00e3o que, prioritariamente, vou trabalhar cada dia dos pr\u00f3ximos 20 meses \u2013 afirmou o governador, complementando: &#8211; Farei um governo de olhos, ouvidos e cora\u00e7\u00e3o abertos.<\/p>\n\n\n\n<p>Cl\u00e1udio Castro destacou que o leil\u00e3o de concess\u00e3o dos servi\u00e7os da Cedae, realizado na sexta-feira (30\/04), ser\u00e1 um dos principais pontos da virada do Rio de Janeiro nos aspectos econ\u00f4micos e sociais.<\/p>\n\n\n\n<p>&#8211; Come\u00e7amos ontem (sexta) uma nova era no Estado do Rio, com a concess\u00e3o dos servi\u00e7os da Cedae, projeto que vai beneficiar mais de 8,5 milh\u00f5es de pessoas, levando \u00e1gua para milhares e tratando esgoto. Coisas t\u00e3o b\u00e1sicas, mas que s\u00f3 agora se tornam esperan\u00e7a para parte significativa da nossa popula\u00e7\u00e3o de 17 milh\u00f5es de pessoas. E \u00e9 para essa gente que mais precisa e que h\u00e1 muitos anos n\u00e3o recebe um olhar de apoio que vou governar. Para aquele que precisa em qualquer um dos 92 munic\u00edpios do Rio \u2013 ressaltou.<\/p>\n\n\n\n<p><strong>Fortalecimento de pol\u00edticas p\u00fablicas<br><\/strong><br>Um dos principais focos na gest\u00e3o de Castro ser\u00e1 o desenvolvimento social com a cria\u00e7\u00e3o e o fortalecimento de pol\u00edticas p\u00fablicas de amparo \u00e0 popula\u00e7\u00e3o mais vulner\u00e1vel. Algumas, j\u00e1 em andamento, ser\u00e3o ampliadas, como o Restaurante do Povo, que cumpre um importante papel para pessoas em situa\u00e7\u00e3o de extrema pobreza, com a oferta de refei\u00e7\u00f5es a pre\u00e7o popular.<\/p>\n\n\n\n<p>&#8211; Hoje, temos mais de 1,6 milh\u00e3o de desempregados. Mas estamos nos recuperando. Em mar\u00e7o, fomos o quinto estado a gerar mais empregos, com mais de 13 mil vagas. Temos um longo caminho pela frente, mas n\u00e3o vamos descansar at\u00e9 recolocar essas pessoas no mercado \u2013 disse Cl\u00e1udio Castro.<\/p>\n\n\n\n<p>O governador disse que, na \u00e1rea de educa\u00e7\u00e3o, o compromisso \u00e9, durante os meses de pandemia, oferecer ainda mais mecanismos para que o ensino h\u00edbrido (presencial e virtual) seja consolidado em todo o Rio de Janeiro.<\/p>\n\n\n\n<p>&#8211; Em poucos meses, criamos diversos projetos que deram a oportunidade de as aulas virtuais acontecerem em um ambiente transformador, fazendo com que cerca de 500 mil alunos j\u00e1 estejam conectados \u00e0 plataforma que criamos \u2013 lembrou.<\/p>\n\n\n\n<p><strong>Redu\u00e7\u00e3o das taxas de criminalidade e cerco \u00e0s mil\u00edcias<br><\/strong><br>Cl\u00e1udio Castro refor\u00e7ou suas diretrizes na pol\u00edtica de seguran\u00e7a: preserva\u00e7\u00e3o de vidas, enfraquecimento de grupos milicianos e redu\u00e7\u00e3o das taxas de criminalidade.<\/p>\n\n\n\n<p>&#8211; Em mar\u00e7o, o homic\u00eddio caiu 16%. \u00c9 o menor valor para o m\u00eas desde o in\u00edcio da s\u00e9rie hist\u00f3rica, em 1991. Al\u00e9m disso, criamos em outubro uma for\u00e7a-tarefa de combate \u00e0 mil\u00edcia, resultando em mais de 600 pris\u00f5es e retirando R$ 1,5 bilh\u00e3o das m\u00e3os dos criminosos \u2013 afirmou, lembrando ainda do refor\u00e7o no programa de policiamento mais pr\u00f3ximo da popula\u00e7\u00e3o: &#8211; Vamos criar uma pol\u00edcia de proximidade que tamb\u00e9m atue nos bairros e n\u00e3o apenas nas \u00e1reas comerciais e tur\u00edsticas. Um policial que seja pr\u00f3ximo do povo. Ampliar o Seguran\u00e7a Presente em 30% tamb\u00e9m \u00e9 minha meta. E vejo que a minha ideia de seguran\u00e7a j\u00e1 est\u00e1 dando resultado \u2013 falou Castro.<\/p>\n\n\n\n<p>O governador concluiu o pronunciamento com o compromisso de, nos pr\u00f3ximos 20 meses, criar mecanismos para a abertura de mais postos de trabalho.<\/p>\n\n\n\n<p>&#8211; Hoje, tomo posse como governador do Estado do Rio de Janeiro e considero que n\u00e3o \u00e9 uma coincid\u00eancia ser no Dia do Trabalhador. Se tem algo em que acredito \u00e9 na for\u00e7a do trabalho \u2013 finalizou Cl\u00e1udio Castro.<\/p>\n","protected":false},"excerpt":{"rendered":"<p>Governador destaca planos para gerar empregos e enfrentar a pandemia\u201cVou trabalhar especialmente para quem mais<\/p>\n","protected":false},"author":2,"featured_media":13810,"comment_status":"open","ping_status":"open","sticky":false,"template":"","format":"standard","meta":{"footnotes":""},"categories":[17],"tags":[],"class_list":["post-13809","post","type-post","status-publish","format-standard","has-post-thumbnail","hentry","category-outras-noticias"],"_links":{"self":[{"href":"https:\/\/tvc16.com\/portal\/wp-json\/wp\/v2\/posts\/13809","targetHints":{"allow":["GET"]}}],"collection":[{"href":"https:\/\/tvc16.com\/portal\/wp-json\/wp\/v2\/posts"}],"about":[{"href":"https:\/\/tvc16.com\/portal\/wp-json\/wp\/v2\/types\/post"}],"author":[{"embeddable":true,"href":"https:\/\/tvc16.com\/portal\/wp-json\/wp\/v2\/users\/2"}],"replies":[{"embeddable":true,"href":"https:\/\/tvc16.com\/portal\/wp-json\/wp\/v2\/comments?post=13809"}],"version-history":[{"count":1,"href":"https:\/\/tvc16.com\/portal\/wp-json\/wp\/v2\/posts\/13809\/revisions"}],"predecessor-version":[{"id":13811,"href":"https:\/\/tvc16.com\/portal\/wp-json\/wp\/v2\/posts\/13809\/revisions\/13811"}],"wp:featuredmedia":[{"embeddable":true,"href":"https:\/\/tvc16.com\/portal\/wp-json\/wp\/v2\/media\/13810"}],"wp:attachment":[{"href":"https:\/\/tvc16.com\/portal\/wp-json\/wp\/v2\/media?parent=13809"}],"wp:term":[{"taxonomy":"category","embeddable":true,"href":"https:\/\/tvc16.com\/portal\/wp-json\/wp\/v2\/categories?post=13809"},{"taxonomy":"post_tag","embeddable":true,"href":"https:\/\/tvc16.com\/portal\/wp-json\/wp\/v2\/tags?post=13809"}],"curies":[{"name":"wp","href":"https:\/\/api.w.org\/{rel}","templated":true}]}}