{"id":13816,"date":"2021-05-03T09:28:54","date_gmt":"2021-05-03T12:28:54","guid":{"rendered":"https:\/\/tvc16.com\/portal\/?p=13816"},"modified":"2021-05-03T09:28:56","modified_gmt":"2021-05-03T12:28:56","slug":"com-quase-20-da-populacao-vacinada-petropolis-se-mantem-acima-das-medias-nacional-e-do-estado","status":"publish","type":"post","link":"https:\/\/tvc16.com\/portal\/2021\/05\/03\/com-quase-20-da-populacao-vacinada-petropolis-se-mantem-acima-das-medias-nacional-e-do-estado\/","title":{"rendered":"Com quase 20% da popula\u00e7\u00e3o vacinada, Petr\u00f3polis se mant\u00e9m acima das m\u00e9dias nacional e do Estado"},"content":{"rendered":"\n<p>A Secretaria de Sa\u00fade informou que hoje (03.05), quase 2,8 mil pessoas devem ser vacinadas contra a covid-19, em Petr\u00f3polis, sendo 1.550 delas com a primeira dose (estas est\u00e3o cadastradas), e 1.241 com a segunda dose. Al\u00e9m disso, a cidade tem quase 20% da popula\u00e7\u00e3o vacinada contra a covid-19, e mant\u00e9m \u00edndice acima das m\u00e9dias do Estado do Rio de Janeiro (13,1%) e do pa\u00eds (15,2%). Dentre os 306.678 moradores da cidade, 60.474 foram vacinados, o que corresponde a 19,7% da popula\u00e7\u00e3o com a primeira dose da vacina j\u00e1 aplicada. Destes, 28.571 completaram o ciclo de imuniza\u00e7\u00e3o, recebendo tamb\u00e9m a segunda dose.<\/p>\n\n\n\n<p>\u201cA equipe da Secretaria est\u00e1 empenhada no planejamento de cadastros, que est\u00e1 sendo fundamental para que a campanha siga de forma organizada, mesmo com a amplia\u00e7\u00e3o de p\u00fablico. Os lotes recebidos para a aplica\u00e7\u00e3o de segunda dose em Petr\u00f3polis s\u00e3o destinados exclusivamente a este fim. Com isso, em nenhum momento, a vacina\u00e7\u00e3o precisou ser suspensa ou interrompida na cidade. Todos os que tomaram a primeira dose na cidade est\u00e3o com a segunda dose garantida\u201d, frisa o secret\u00e1rio de Sa\u00fade, Aloisio Barbosa da Silva Filho.<\/p>\n\n\n\n<p>Cidade manteve vacina\u00e7\u00e3o no domingo (02)<\/p>\n\n\n\n<p>As equipes de enfermagem, sob coordena\u00e7\u00e3o do departamento de Vigil\u00e2ncia em Sa\u00fade, deram sequ\u00eancia neste domingo (02\/05) \u00e0 vacina\u00e7\u00e3o contra a Covid-19. Durante o hor\u00e1rio de vacina\u00e7\u00e3o (9h \u00e0s 12h), 128 pessoas foram vacinadas na cidade. Destas 113 receberam a primeira dose e 15 receberam a segunda dose.<\/p>\n\n\n\n<p>No ponto de drive thru de Itaipava, 38 pessoas foram vacinadas, sendo 33 com a primeira dose e cinco com a segunda. No Hipershopping, 79 idosos foram vacinados, sendo 69 com a primeira dose e 10 com a segunda dose.<br>Equipes aplicaram ainda 11 vacinas referentes \u00e0 primeira dose em integrantes de for\u00e7as de seguran\u00e7a.<\/p>\n","protected":false},"excerpt":{"rendered":"<p>A Secretaria de Sa\u00fade informou que hoje (03.05), quase 2,8 mil pessoas devem ser vacinadas<\/p>\n","protected":false},"author":2,"featured_media":13817,"comment_status":"open","ping_status":"open","sticky":false,"template":"","format":"standard","meta":{"footnotes":""},"categories":[12],"tags":[],"class_list":["post-13816","post","type-post","status-publish","format-standard","has-post-thumbnail","hentry","category-cidade"],"_links":{"self":[{"href":"https:\/\/tvc16.com\/portal\/wp-json\/wp\/v2\/posts\/13816","targetHints":{"allow":["GET"]}}],"collection":[{"href":"https:\/\/tvc16.com\/portal\/wp-json\/wp\/v2\/posts"}],"about":[{"href":"https:\/\/tvc16.com\/portal\/wp-json\/wp\/v2\/types\/post"}],"author":[{"embeddable":true,"href":"https:\/\/tvc16.com\/portal\/wp-json\/wp\/v2\/users\/2"}],"replies":[{"embeddable":true,"href":"https:\/\/tvc16.com\/portal\/wp-json\/wp\/v2\/comments?post=13816"}],"version-history":[{"count":1,"href":"https:\/\/tvc16.com\/portal\/wp-json\/wp\/v2\/posts\/13816\/revisions"}],"predecessor-version":[{"id":13818,"href":"https:\/\/tvc16.com\/portal\/wp-json\/wp\/v2\/posts\/13816\/revisions\/13818"}],"wp:featuredmedia":[{"embeddable":true,"href":"https:\/\/tvc16.com\/portal\/wp-json\/wp\/v2\/media\/13817"}],"wp:attachment":[{"href":"https:\/\/tvc16.com\/portal\/wp-json\/wp\/v2\/media?parent=13816"}],"wp:term":[{"taxonomy":"category","embeddable":true,"href":"https:\/\/tvc16.com\/portal\/wp-json\/wp\/v2\/categories?post=13816"},{"taxonomy":"post_tag","embeddable":true,"href":"https:\/\/tvc16.com\/portal\/wp-json\/wp\/v2\/tags?post=13816"}],"curies":[{"name":"wp","href":"https:\/\/api.w.org\/{rel}","templated":true}]}}